{"id":3582,"date":"2020-12-16T13:26:19","date_gmt":"2020-12-16T12:26:19","guid":{"rendered":"https:\/\/www.ramus.je\/web\/mikbezu\/"},"modified":"2020-12-16T13:26:19","modified_gmt":"2020-12-16T12:26:19","slug":"mikbezu","status":"publish","type":"post","link":"https:\/\/www.ramus.je\/nejlepsi\/mikbezu\/","title":{"rendered":"\/ 2020 \/ prosinec \/ Mikul\u00e1\u0161sk\u00e1 bez uhl\u00ed"},"content":{"rendered":"<p id=\"docs-internal-guid-c9c5c778-7fff-630b-ea38-ceca8c2b5054\" style=\"line-height: 1.38; margin-top: 0pt; margin-bottom: 0pt;\" dir=\"ltr\"><span style=\"font-size: 11.5pt; font-family: Arial; color: #000000; background-color: transparent; font-weight: 400; font-style: normal; font-variant: normal; text-decoration: none; vertical-align: baseline; white-space: pre-wrap;\">Mikul\u00e1\u0161 bez uhl\u00ed <\/span><\/p>\n<p style=\"line-height: 1.38; margin-top: 0pt; margin-bottom: 0pt;\" dir=\"ltr\"><span style=\"font-size: 11.5pt; font-family: Arial; color: #000000; background-color: transparent; font-weight: 400; font-style: normal; font-variant: normal; text-decoration: none; vertical-align: baseline; white-space: pre-wrap;\">Na n\u00e1\u0161 prvn\u00ed legendov\u00fd v\u00fdlet po druh\u00e9 vln\u011b korony jsme se vydali na Kladno. Pro\u010d? Proto\u017ee byl zrovna Mikul\u00e1\u0161 a Mikul\u00e1\u0161 s \u010dertem nos\u00ed uhl\u00ed a uhl\u00ed pat\u0159\u00ed pod zem a to nap\u0159\u00edklad pod tu kladenskou. Bylo n\u00e1s jak ps\u016f a je\u0161t\u011b jsme s sebou n\u011bkolik ps\u016f m\u011bli. D\u011blali jsme to, co v\u017edycky: se\u0161li se na n\u00e1dra\u017e\u00ed, jeli vl\u00e1\u010dkem, \u0161li, hr\u00e1li hry, ba\u0161tili (ka\u017edej s\u00e1m), pili \u010daj z termosky a k\u00e1mo\u0161ili se. No a k tomu jsme si pov\u00eddali n\u011bco o uhl\u00ed a koukali na kom\u00edny kolem n\u00e1s. Po cest\u011b jsme vymysleli n\u011bkolik pok\u0159ik\u016f a nakreslili n\u011bkolik obr\u00e1zk\u016f, za kter\u00e9 by se nemuselo styd\u011bt ani hnut\u00ed Duha s Greenpeace dohromady. N\u011bkter\u00e9 byly naopak sp\u00ed\u0161 jako z d\u00edlny Svazu pr\u016fmyslu a dopravy, ale tak to v \u017eivot\u011b n\u011bkdy je. Snad p\u0159\u00ed\u0161t\u00ed rok skon\u010d\u00ed karant\u00e9na i uhl\u00ed.<\/span><\/p>\n<p style=\"line-height: 1.38; margin-top: 0pt; margin-bottom: 0pt;\" dir=\"ltr\"><span style=\"font-size: 11.5pt; font-family: Arial; color: #000000; background-color: transparent; font-weight: 400; font-style: normal; font-variant: normal; text-decoration: none; vertical-align: baseline; white-space: pre-wrap;\">Zapsala: T\u00e9ja<\/span><\/p>\n","protected":false},"excerpt":{"rendered":"<p>Mikul\u00e1\u0161 bez uhl\u00ed Na n\u00e1\u0161 prvn\u00ed legendov\u00fd v\u00fdlet po druh\u00e9 vln\u011b korony jsme se vydali na Kladno. Pro\u010d? Proto\u017ee byl zrovna Mikul\u00e1\u0161 a Mikul\u00e1\u0161 s \u010dertem nos\u00ed uhl\u00ed a uhl\u00ed pat\u0159\u00ed pod zem a to nap\u0159\u00edklad pod tu kladenskou. Bylo n\u00e1s jak ps\u016f a je\u0161t\u011b jsme s sebou n\u011bkolik ps\u016f m\u011bli. D\u011blali jsme to, co &hellip; <a href=\"https:\/\/www.ramus.je\/nejlepsi\/mikbezu\/\" class=\"more-link\">Continue reading<span class=\"screen-reader-text\"> &#8222;\/ 2020 \/ prosinec \/ Mikul\u00e1\u0161sk\u00e1 bez uhl\u00ed&#8220;<\/span><\/a><\/p>\n","protected":false},"author":8,"featured_media":0,"comment_status":"","ping_status":"","sticky":false,"template":"","format":"standard","meta":{"ngg_post_thumbnail":0,"footnotes":""},"categories":[222],"tags":[],"class_list":["post-3582","post","type-post","status-publish","format-standard","hentry","category-zapisnik"],"_links":{"self":[{"href":"https:\/\/www.ramus.je\/nejlepsi\/wp-json\/wp\/v2\/posts\/3582","targetHints":{"allow":["GET"]}}],"collection":[{"href":"https:\/\/www.ramus.je\/nejlepsi\/wp-json\/wp\/v2\/posts"}],"about":[{"href":"https:\/\/www.ramus.je\/nejlepsi\/wp-json\/wp\/v2\/types\/post"}],"author":[{"embeddable":true,"href":"https:\/\/www.ramus.je\/nejlepsi\/wp-json\/wp\/v2\/users\/8"}],"replies":[{"embeddable":true,"href":"https:\/\/www.ramus.je\/nejlepsi\/wp-json\/wp\/v2\/comments?post=3582"}],"version-history":[{"count":0,"href":"https:\/\/www.ramus.je\/nejlepsi\/wp-json\/wp\/v2\/posts\/3582\/revisions"}],"wp:attachment":[{"href":"https:\/\/www.ramus.je\/nejlepsi\/wp-json\/wp\/v2\/media?parent=3582"}],"wp:term":[{"taxonomy":"category","embeddable":true,"href":"https:\/\/www.ramus.je\/nejlepsi\/wp-json\/wp\/v2\/categories?post=3582"},{"taxonomy":"post_tag","embeddable":true,"href":"https:\/\/www.ramus.je\/nejlepsi\/wp-json\/wp\/v2\/tags?post=3582"}],"curies":[{"name":"wp","href":"https:\/\/api.w.org\/{rel}","templated":true}]}}