{"id":3510,"date":"2019-11-27T13:28:54","date_gmt":"2019-11-27T12:28:54","guid":{"rendered":"https:\/\/www.ramus.je\/web\/vyprava-za-telefonnimi-budkami\/"},"modified":"2022-05-16T12:02:00","modified_gmt":"2022-05-16T11:02:00","slug":"vyprava-za-telefonnimi-budkami","status":"publish","type":"post","link":"https:\/\/www.ramus.je\/nejlepsi\/vyprava-za-telefonnimi-budkami\/","title":{"rendered":"V\u00fdprava za telefonn\u00edmi budkami"},"content":{"rendered":"<p>V listopadu jsme se vydali na nostalgickou v\u00fdpravu po mizej\u00edc\u00edch telefonn\u00edch budk\u00e1ch. Je to fenom\u00e9n spjat\u00fd s dobou, kter\u00e1 pomalu, ale jist\u011b odezn\u00edv\u00e1 a tak jsme prozkoumali jeho mo\u017enosti a schopnosti, dokud je\u0161t\u011b p\u00e1r posledn\u00edch maj\u00e1k\u016f odol\u00e1v\u00e1 vlnobit\u00ed \u010dasu. Na fotky se m\u016f\u017eete pod\u00edvat <a href=\"https:\/\/www.ramus.je\/nejlepsi\/ramus-a-bezautova-akce-zait-msto-jinak-2013\/\">tady<\/a>.<\/p>\n<p><a href=\"https:\/\/www.ramus.je\/nejlepsi\/ramus-a-bezautova-akce-zait-msto-jinak-2013\/\"><img decoding=\"async\" class=\" size-full wp-image-3509\" src=\"https:\/\/www.ramus.je\/nejlepsi\/wp-content\/uploads\/2019\/11\/listopad19_budky.jpg\" alt=\"budky\" height=\"370\" srcset=\"https:\/\/www.ramus.je\/nejlepsi\/wp-content\/uploads\/2019\/11\/listopad19_budky.jpg 822w, https:\/\/www.ramus.je\/nejlepsi\/wp-content\/uploads\/2019\/11\/listopad19_budky-300x200.jpg 300w, https:\/\/www.ramus.je\/nejlepsi\/wp-content\/uploads\/2019\/11\/listopad19_budky-768x512.jpg 768w, https:\/\/www.ramus.je\/nejlepsi\/wp-content\/uploads\/2019\/11\/listopad19_budky-720x480.jpg 720w, https:\/\/www.ramus.je\/nejlepsi\/wp-content\/uploads\/2019\/11\/listopad19_budky-120x80.jpg 120w\" sizes=\"(min-width: 960px) 75vw, 100vw\" \/><\/a><\/p>\n","protected":false},"excerpt":{"rendered":"<p>V listopadu jsme se vydali na nostalgickou v\u00fdpravu po mizej\u00edc\u00edch telefonn\u00edch budk\u00e1ch. Je to fenom\u00e9n spjat\u00fd s dobou, kter\u00e1 pomalu, ale jist\u011b odezn\u00edv\u00e1 a tak jsme prozkoumali jeho mo\u017enosti a schopnosti, dokud je\u0161t\u011b p\u00e1r posledn\u00edch maj\u00e1k\u016f odol\u00e1v\u00e1 vlnobit\u00ed \u010dasu. Na fotky se m\u016f\u017eete pod\u00edvat tady.<\/p>\n","protected":false},"author":6,"featured_media":3509,"comment_status":"open","ping_status":"open","sticky":false,"template":"","format":"standard","meta":{"ngg_post_thumbnail":0,"footnotes":""},"categories":[213],"tags":[],"class_list":["post-3510","post","type-post","status-publish","format-standard","has-post-thumbnail","hentry","category-novinky"],"_links":{"self":[{"href":"https:\/\/www.ramus.je\/nejlepsi\/wp-json\/wp\/v2\/posts\/3510","targetHints":{"allow":["GET"]}}],"collection":[{"href":"https:\/\/www.ramus.je\/nejlepsi\/wp-json\/wp\/v2\/posts"}],"about":[{"href":"https:\/\/www.ramus.je\/nejlepsi\/wp-json\/wp\/v2\/types\/post"}],"author":[{"embeddable":true,"href":"https:\/\/www.ramus.je\/nejlepsi\/wp-json\/wp\/v2\/users\/6"}],"replies":[{"embeddable":true,"href":"https:\/\/www.ramus.je\/nejlepsi\/wp-json\/wp\/v2\/comments?post=3510"}],"version-history":[{"count":1,"href":"https:\/\/www.ramus.je\/nejlepsi\/wp-json\/wp\/v2\/posts\/3510\/revisions"}],"predecessor-version":[{"id":3723,"href":"https:\/\/www.ramus.je\/nejlepsi\/wp-json\/wp\/v2\/posts\/3510\/revisions\/3723"}],"wp:featuredmedia":[{"embeddable":true,"href":"https:\/\/www.ramus.je\/nejlepsi\/wp-json\/wp\/v2\/media\/3509"}],"wp:attachment":[{"href":"https:\/\/www.ramus.je\/nejlepsi\/wp-json\/wp\/v2\/media?parent=3510"}],"wp:term":[{"taxonomy":"category","embeddable":true,"href":"https:\/\/www.ramus.je\/nejlepsi\/wp-json\/wp\/v2\/categories?post=3510"},{"taxonomy":"post_tag","embeddable":true,"href":"https:\/\/www.ramus.je\/nejlepsi\/wp-json\/wp\/v2\/tags?post=3510"}],"curies":[{"name":"wp","href":"https:\/\/api.w.org\/{rel}","templated":true}]}}