{"id":3500,"date":"2019-11-03T21:51:32","date_gmt":"2019-11-03T20:51:32","guid":{"rendered":"https:\/\/www.ramus.je\/web\/nadupanylistopad\/"},"modified":"2019-11-03T21:51:32","modified_gmt":"2019-11-03T20:51:32","slug":"nadupanylistopad","status":"publish","type":"post","link":"https:\/\/www.ramus.je\/nejlepsi\/nadupanylistopad\/","title":{"rendered":"Nadupan\u00fd listopad"},"content":{"rendered":"<p><a href=\"http:\/\/www.ramus.je\/nejlepsi\/index.php\/archiv\/galerie\/category\/246-2019-11-01-17-33-38\"><img decoding=\"async\" style=\"float: right;\" src=\"http:\/\/www.ramus.je\/nejlepsi\/images\/phocagallery\/2019\/po_stopach_gotta_rijen_19\/thumbs\/phoca_thumb_l_IMG_20191012_173911.jpg\" alt=\"\" width=\"300\" \/><\/a>M\u00e1me za sebou dal\u0161\u00ed v\u00edkendovku, tentokr\u00e1t s t\u00e9matem country! Ne\u017e doval\u00edme fotod\u016fkazy, <a href=\"http:\/\/www.ramus.je\/nejlepsi\/index.php\/archiv\/galerie\/category\/246-2019-11-01-17-33-38\">pod\u00edvejte se zat\u00edm na fotky z v\u00edkendovky \u0159\u00edjnov\u00e9, jej\u00edm\u017e t\u00e9matem byl Karel Gott<\/a>.<\/p>\n<p>A kdo byste se neorientoval v na\u0161ich listopadov\u00fdch akc\u00edch, tak v\u011bzte, \u017ee:<br \/>\u2014 ve \u010dtvrtek 14. listopadu vyr\u00e1\u017e\u00edme na lov telefonn\u00edch budek: <strong>Hum\u0159\u00ed v\u00fdprava za mizej\u00edc\u00edmi telefonn\u00edmi budkami<\/strong><br \/>\u2014 v sobotu 16. listopadu jedeme na <strong>baz\u00e1rek<\/strong> (a n\u011bkte\u0159\u00ed jedou vyr\u00e1b\u011bt tee-pee ty\u010de)<br \/>\u2014 ve st\u0159edu 20. listopadu n\u00e1s m\u016f\u017eete podpo\u0159it na <strong>Tich\u00e1 aukce fotek pro Ramus \/\/ 3.ro\u010dn\u00edk<\/strong><br \/>\u2014 a o dva dny pozd\u011bji (22.\u201424. 11.) vyr\u00e1\u017e\u00edme na <strong>drsnou v\u00edkendovku<\/strong><\/p>\n<p>Tak snad n\u011bkde navid\u011bnou!<\/p>\n","protected":false},"excerpt":{"rendered":"<p>M\u00e1me za sebou dal\u0161\u00ed v\u00edkendovku, tentokr\u00e1t s t\u00e9matem country! Ne\u017e doval\u00edme fotod\u016fkazy, pod\u00edvejte se zat\u00edm na fotky z v\u00edkendovky \u0159\u00edjnov\u00e9, jej\u00edm\u017e t\u00e9matem byl Karel Gott. A kdo byste se neorientoval v na\u0161ich listopadov\u00fdch akc\u00edch, tak v\u011bzte, \u017ee:\u2014 ve \u010dtvrtek 14. listopadu vyr\u00e1\u017e\u00edme na lov telefonn\u00edch budek: Hum\u0159\u00ed v\u00fdprava za mizej\u00edc\u00edmi telefonn\u00edmi budkami\u2014 v sobotu 16. &hellip; <a href=\"https:\/\/www.ramus.je\/nejlepsi\/nadupanylistopad\/\" class=\"more-link\">Continue reading<span class=\"screen-reader-text\"> &#8222;Nadupan\u00fd listopad&#8220;<\/span><\/a><\/p>\n","protected":false},"author":6,"featured_media":0,"comment_status":"open","ping_status":"open","sticky":false,"template":"","format":"standard","meta":{"ngg_post_thumbnail":0,"footnotes":""},"categories":[213],"tags":[],"class_list":["post-3500","post","type-post","status-publish","format-standard","hentry","category-novinky"],"_links":{"self":[{"href":"https:\/\/www.ramus.je\/nejlepsi\/wp-json\/wp\/v2\/posts\/3500","targetHints":{"allow":["GET"]}}],"collection":[{"href":"https:\/\/www.ramus.je\/nejlepsi\/wp-json\/wp\/v2\/posts"}],"about":[{"href":"https:\/\/www.ramus.je\/nejlepsi\/wp-json\/wp\/v2\/types\/post"}],"author":[{"embeddable":true,"href":"https:\/\/www.ramus.je\/nejlepsi\/wp-json\/wp\/v2\/users\/6"}],"replies":[{"embeddable":true,"href":"https:\/\/www.ramus.je\/nejlepsi\/wp-json\/wp\/v2\/comments?post=3500"}],"version-history":[{"count":0,"href":"https:\/\/www.ramus.je\/nejlepsi\/wp-json\/wp\/v2\/posts\/3500\/revisions"}],"wp:attachment":[{"href":"https:\/\/www.ramus.je\/nejlepsi\/wp-json\/wp\/v2\/media?parent=3500"}],"wp:term":[{"taxonomy":"category","embeddable":true,"href":"https:\/\/www.ramus.je\/nejlepsi\/wp-json\/wp\/v2\/categories?post=3500"},{"taxonomy":"post_tag","embeddable":true,"href":"https:\/\/www.ramus.je\/nejlepsi\/wp-json\/wp\/v2\/tags?post=3500"}],"curies":[{"name":"wp","href":"https:\/\/api.w.org\/{rel}","templated":true}]}}