{"id":3497,"date":"2019-10-17T09:40:01","date_gmt":"2019-10-17T08:40:01","guid":{"rendered":"https:\/\/www.ramus.je\/web\/podzimnibazarek\/"},"modified":"2019-10-17T09:40:01","modified_gmt":"2019-10-17T08:40:01","slug":"podzimnibazarek","status":"publish","type":"post","link":"https:\/\/www.ramus.je\/nejlepsi\/podzimnibazarek\/","title":{"rendered":"Podzimn\u00ed baz\u00e1rek"},"content":{"rendered":"<p><a href=\"https:\/\/www.ramus.je\/nejlepsi\/wp-content\/uploads\/2019\/10\/bazarek_podzim_2019.png\"><img decoding=\"async\" class=\" alignright size-full wp-image-3496\" style=\"float: right;\" src=\"https:\/\/www.ramus.je\/nejlepsi\/wp-content\/uploads\/2019\/10\/bazarek_podzim_2019.png\" alt=\"\" width=\"300\" srcset=\"https:\/\/www.ramus.je\/nejlepsi\/wp-content\/uploads\/2019\/10\/bazarek_podzim_2019.png 780w, https:\/\/www.ramus.je\/nejlepsi\/wp-content\/uploads\/2019\/10\/bazarek_podzim_2019-300x215.png 300w, https:\/\/www.ramus.je\/nejlepsi\/wp-content\/uploads\/2019\/10\/bazarek_podzim_2019-768x549.png 768w\" sizes=\"(min-width: 960px) 75vw, 100vw\" \/><\/a><\/p>\n<p>Ji\u017e za m\u011bs\u00edc je tady n\u00e1\u0161 obl\u00edben\u00fd baz\u00e1rek v Lu\u017eeni\u010dk\u00e1ch! Oble\u010den\u00ed z druh\u00e9 ruky, zpravidla z t\u00e9 n\u011bmeck\u00e9, je shrom\u00e1\u017ed\u011bno v obrovsk\u00e9m kultur\u00e1ku, kde ho kupuj\u00ed m\u00edstn\u00ed.<\/p>\n<p>Finan\u010dn\u00ed v\u00fdt\u011b\u017eek se n\u00e1sledn\u011b d\u011bl\u00ed mezi n\u011bkolik organizac\u00ed &#8211; jednou z nich, a moc si toho v\u00e1\u017e\u00edme, jsme i my.<\/p>\n<p>Tak se stavte, budeme na m\u00edst\u011b d\u011blat k\u00e1vu a sva\u0159\u00e1k.<\/p>\n","protected":false},"excerpt":{"rendered":"<p>Ji\u017e za m\u011bs\u00edc je tady n\u00e1\u0161 obl\u00edben\u00fd baz\u00e1rek v Lu\u017eeni\u010dk\u00e1ch! Oble\u010den\u00ed z druh\u00e9 ruky, zpravidla z t\u00e9 n\u011bmeck\u00e9, je shrom\u00e1\u017ed\u011bno v obrovsk\u00e9m kultur\u00e1ku, kde ho kupuj\u00ed m\u00edstn\u00ed. Finan\u010dn\u00ed v\u00fdt\u011b\u017eek se n\u00e1sledn\u011b d\u011bl\u00ed mezi n\u011bkolik organizac\u00ed &#8211; jednou z nich, a moc si toho v\u00e1\u017e\u00edme, jsme i my. Tak se stavte, budeme na m\u00edst\u011b d\u011blat k\u00e1vu &hellip; <a href=\"https:\/\/www.ramus.je\/nejlepsi\/podzimnibazarek\/\" class=\"more-link\">Continue reading<span class=\"screen-reader-text\"> &#8222;Podzimn\u00ed baz\u00e1rek&#8220;<\/span><\/a><\/p>\n","protected":false},"author":6,"featured_media":3496,"comment_status":"open","ping_status":"open","sticky":false,"template":"","format":"standard","meta":{"ngg_post_thumbnail":0,"footnotes":""},"categories":[213],"tags":[],"class_list":["post-3497","post","type-post","status-publish","format-standard","has-post-thumbnail","hentry","category-novinky"],"_links":{"self":[{"href":"https:\/\/www.ramus.je\/nejlepsi\/wp-json\/wp\/v2\/posts\/3497","targetHints":{"allow":["GET"]}}],"collection":[{"href":"https:\/\/www.ramus.je\/nejlepsi\/wp-json\/wp\/v2\/posts"}],"about":[{"href":"https:\/\/www.ramus.je\/nejlepsi\/wp-json\/wp\/v2\/types\/post"}],"author":[{"embeddable":true,"href":"https:\/\/www.ramus.je\/nejlepsi\/wp-json\/wp\/v2\/users\/6"}],"replies":[{"embeddable":true,"href":"https:\/\/www.ramus.je\/nejlepsi\/wp-json\/wp\/v2\/comments?post=3497"}],"version-history":[{"count":0,"href":"https:\/\/www.ramus.je\/nejlepsi\/wp-json\/wp\/v2\/posts\/3497\/revisions"}],"wp:featuredmedia":[{"embeddable":true,"href":"https:\/\/www.ramus.je\/nejlepsi\/wp-json\/wp\/v2\/media\/3496"}],"wp:attachment":[{"href":"https:\/\/www.ramus.je\/nejlepsi\/wp-json\/wp\/v2\/media?parent=3497"}],"wp:term":[{"taxonomy":"category","embeddable":true,"href":"https:\/\/www.ramus.je\/nejlepsi\/wp-json\/wp\/v2\/categories?post=3497"},{"taxonomy":"post_tag","embeddable":true,"href":"https:\/\/www.ramus.je\/nejlepsi\/wp-json\/wp\/v2\/tags?post=3497"}],"curies":[{"name":"wp","href":"https:\/\/api.w.org\/{rel}","templated":true}]}}