{"id":3482,"date":"2019-09-22T16:39:18","date_gmt":"2019-09-22T15:39:18","guid":{"rendered":"https:\/\/www.ramus.je\/web\/jakjsmeoslavili\/"},"modified":"2019-09-22T16:39:18","modified_gmt":"2019-09-22T15:39:18","slug":"jakjsmeoslavili","status":"publish","type":"post","link":"https:\/\/www.ramus.je\/nejlepsi\/jakjsmeoslavili\/","title":{"rendered":"Jak jsme oslavili"},"content":{"rendered":"\n<p><a href=\"http:\/\/www.ramus.je\/nejlepsi\/index.php\/archiv\/galerie\/category\/243-2019-09-22-16-26-55\"><img decoding=\"async\" style=\"float: right;\" src=\"http:\/\/www.ramus.je\/nejlepsi\/images\/phocagallery\/2019\/10let_zari19\/thumbs\/phoca_thumb_l_042.JPG\" alt=\"\" width=\"300\" \/><\/a>T\u00e1\u00e1\u00e1k <a href=\"http:\/\/www.ramus.je\/nejlepsi\/index.php\/archiv\/galerie\/category\/243-2019-09-22-16-26-55\">tadydle kompletn\u00ed galerie<\/a> z na\u0161ich oslav deseti let, d\u00edky v\u0161em!<\/p>\n<p>Fotky z druh\u00e9ho dne chyb\u00ed, ale v\u011b\u0159te nev\u011b\u0159te, slavilo se i druh\u00fd den&#8230;<\/p>\n","protected":false},"excerpt":{"rendered":"<p>T\u00e1\u00e1\u00e1k tadydle kompletn\u00ed galerie z na\u0161ich oslav deseti let, d\u00edky v\u0161em! Fotky z druh\u00e9ho dne chyb\u00ed, ale v\u011b\u0159te nev\u011b\u0159te, slavilo se i druh\u00fd den&#8230;<\/p>\n","protected":false},"author":6,"featured_media":0,"comment_status":"open","ping_status":"open","sticky":false,"template":"","format":"standard","meta":{"ngg_post_thumbnail":0,"footnotes":""},"categories":[213],"tags":[],"class_list":["post-3482","post","type-post","status-publish","format-standard","hentry","category-novinky"],"_links":{"self":[{"href":"https:\/\/www.ramus.je\/nejlepsi\/wp-json\/wp\/v2\/posts\/3482","targetHints":{"allow":["GET"]}}],"collection":[{"href":"https:\/\/www.ramus.je\/nejlepsi\/wp-json\/wp\/v2\/posts"}],"about":[{"href":"https:\/\/www.ramus.je\/nejlepsi\/wp-json\/wp\/v2\/types\/post"}],"author":[{"embeddable":true,"href":"https:\/\/www.ramus.je\/nejlepsi\/wp-json\/wp\/v2\/users\/6"}],"replies":[{"embeddable":true,"href":"https:\/\/www.ramus.je\/nejlepsi\/wp-json\/wp\/v2\/comments?post=3482"}],"version-history":[{"count":0,"href":"https:\/\/www.ramus.je\/nejlepsi\/wp-json\/wp\/v2\/posts\/3482\/revisions"}],"wp:attachment":[{"href":"https:\/\/www.ramus.je\/nejlepsi\/wp-json\/wp\/v2\/media?parent=3482"}],"wp:term":[{"taxonomy":"category","embeddable":true,"href":"https:\/\/www.ramus.je\/nejlepsi\/wp-json\/wp\/v2\/categories?post=3482"},{"taxonomy":"post_tag","embeddable":true,"href":"https:\/\/www.ramus.je\/nejlepsi\/wp-json\/wp\/v2\/tags?post=3482"}],"curies":[{"name":"wp","href":"https:\/\/api.w.org\/{rel}","templated":true}]}}