{"id":3480,"date":"2019-09-18T20:54:14","date_gmt":"2019-09-18T19:54:14","guid":{"rendered":"https:\/\/www.ramus.je\/web\/dekada-oslavena\/"},"modified":"2019-09-18T20:54:14","modified_gmt":"2019-09-18T19:54:14","slug":"dekada-oslavena","status":"publish","type":"post","link":"https:\/\/www.ramus.je\/nejlepsi\/dekada-oslavena\/","title":{"rendered":"Dek\u00e1da oslavena"},"content":{"rendered":"<p><a href=\"https:\/\/www.ramus.je\/nejlepsi\/wp-content\/uploads\/2019\/09\/ramus_10_let.jpg\"><img decoding=\"async\" class=\" alignright size-full wp-image-3479\" style=\"float: right;\" src=\"https:\/\/www.ramus.je\/nejlepsi\/wp-content\/uploads\/2019\/09\/ramus_10_let.jpg\" alt=\"\" width=\"300\" srcset=\"https:\/\/www.ramus.je\/nejlepsi\/wp-content\/uploads\/2019\/09\/ramus_10_let.jpg 1200w, https:\/\/www.ramus.je\/nejlepsi\/wp-content\/uploads\/2019\/09\/ramus_10_let-300x200.jpg 300w, https:\/\/www.ramus.je\/nejlepsi\/wp-content\/uploads\/2019\/09\/ramus_10_let-1024x683.jpg 1024w, https:\/\/www.ramus.je\/nejlepsi\/wp-content\/uploads\/2019\/09\/ramus_10_let-768x512.jpg 768w, https:\/\/www.ramus.je\/nejlepsi\/wp-content\/uploads\/2019\/09\/ramus_10_let-720x480.jpg 720w, https:\/\/www.ramus.je\/nejlepsi\/wp-content\/uploads\/2019\/09\/ramus_10_let-120x80.jpg 120w\" sizes=\"(min-width: 960px) 75vw, 100vw\" \/><\/a><\/p>\n<p>D\u00edky v\u0161em, kdo jste dorazili na sobotn\u00ed oslavu deseti let Ramusu! Zejm\u00e9na d\u00edky Em\u011b za skv\u011bl\u00e9 m\u00edsto a j\u00eddlo, kapel\u00e1m Acoustic Radiance, Bullerbyn, Moira a Larisa a dj Lango\u0161ovi. Snad jste si to u\u017eili .)<\/p>\n<p>V z\u00e1\u0159\u00ed u\u017e n\u00e1s \u017e\u00e1dn\u00e1 dal\u0161\u00ed akce ne\u010dek\u00e1, tak zat\u00edm \u010derpejte energii, proto\u017ee od \u0159\u00edjna to zase pojede, za\u010d\u00edn\u00e1me hnedle v \u00fater\u00fd 1. \u0159\u00edjna asistentsk\u00fdm setk\u00e1n\u00edm.<\/p>\n<p>Data v\u00edkendovek a dal\u0161\u00edch akc\u00ed, stejn\u011b jako fotky z t\u00e1bor\u016f, se zjev\u00ed na na\u0161em webu v brzk\u00e9 dob\u011b.<\/p>\n","protected":false},"excerpt":{"rendered":"<p>D\u00edky v\u0161em, kdo jste dorazili na sobotn\u00ed oslavu deseti let Ramusu! Zejm\u00e9na d\u00edky Em\u011b za skv\u011bl\u00e9 m\u00edsto a j\u00eddlo, kapel\u00e1m Acoustic Radiance, Bullerbyn, Moira a Larisa a dj Lango\u0161ovi. Snad jste si to u\u017eili .) V z\u00e1\u0159\u00ed u\u017e n\u00e1s \u017e\u00e1dn\u00e1 dal\u0161\u00ed akce ne\u010dek\u00e1, tak zat\u00edm \u010derpejte energii, proto\u017ee od \u0159\u00edjna to zase pojede, za\u010d\u00edn\u00e1me hnedle &hellip; <a href=\"https:\/\/www.ramus.je\/nejlepsi\/dekada-oslavena\/\" class=\"more-link\">Continue reading<span class=\"screen-reader-text\"> &#8222;Dek\u00e1da oslavena&#8220;<\/span><\/a><\/p>\n","protected":false},"author":6,"featured_media":3479,"comment_status":"open","ping_status":"open","sticky":false,"template":"","format":"standard","meta":{"ngg_post_thumbnail":0,"footnotes":""},"categories":[213],"tags":[],"class_list":["post-3480","post","type-post","status-publish","format-standard","has-post-thumbnail","hentry","category-novinky"],"_links":{"self":[{"href":"https:\/\/www.ramus.je\/nejlepsi\/wp-json\/wp\/v2\/posts\/3480","targetHints":{"allow":["GET"]}}],"collection":[{"href":"https:\/\/www.ramus.je\/nejlepsi\/wp-json\/wp\/v2\/posts"}],"about":[{"href":"https:\/\/www.ramus.je\/nejlepsi\/wp-json\/wp\/v2\/types\/post"}],"author":[{"embeddable":true,"href":"https:\/\/www.ramus.je\/nejlepsi\/wp-json\/wp\/v2\/users\/6"}],"replies":[{"embeddable":true,"href":"https:\/\/www.ramus.je\/nejlepsi\/wp-json\/wp\/v2\/comments?post=3480"}],"version-history":[{"count":0,"href":"https:\/\/www.ramus.je\/nejlepsi\/wp-json\/wp\/v2\/posts\/3480\/revisions"}],"wp:featuredmedia":[{"embeddable":true,"href":"https:\/\/www.ramus.je\/nejlepsi\/wp-json\/wp\/v2\/media\/3479"}],"wp:attachment":[{"href":"https:\/\/www.ramus.je\/nejlepsi\/wp-json\/wp\/v2\/media?parent=3480"}],"wp:term":[{"taxonomy":"category","embeddable":true,"href":"https:\/\/www.ramus.je\/nejlepsi\/wp-json\/wp\/v2\/categories?post=3480"},{"taxonomy":"post_tag","embeddable":true,"href":"https:\/\/www.ramus.je\/nejlepsi\/wp-json\/wp\/v2\/tags?post=3480"}],"curies":[{"name":"wp","href":"https:\/\/api.w.org\/{rel}","templated":true}]}}