{"id":3478,"date":"2019-09-10T06:33:21","date_gmt":"2019-09-10T05:33:21","guid":{"rendered":"https:\/\/www.ramus.je\/web\/ramusnakuzi\/"},"modified":"2019-09-10T06:33:21","modified_gmt":"2019-09-10T05:33:21","slug":"ramusnakuzi","status":"publish","type":"post","link":"https:\/\/www.ramus.je\/nejlepsi\/ramusnakuzi\/","title":{"rendered":"Ramus na k\u016f\u017ei"},"content":{"rendered":"<p><a href=\"https:\/\/www.ramus.je\/nejlepsi\/wp-content\/uploads\/2019\/09\/ramus_tetovani_2019.jpg\"><img decoding=\"async\" class=\" alignright size-full wp-image-3477\" style=\"float: right;\" src=\"https:\/\/www.ramus.je\/nejlepsi\/wp-content\/uploads\/2019\/09\/ramus_tetovani_2019.jpg\" alt=\"\" width=\"300\" srcset=\"https:\/\/www.ramus.je\/nejlepsi\/wp-content\/uploads\/2019\/09\/ramus_tetovani_2019.jpg 1414w, https:\/\/www.ramus.je\/nejlepsi\/wp-content\/uploads\/2019\/09\/ramus_tetovani_2019-300x235.jpg 300w, https:\/\/www.ramus.je\/nejlepsi\/wp-content\/uploads\/2019\/09\/ramus_tetovani_2019-1024x802.jpg 1024w, https:\/\/www.ramus.je\/nejlepsi\/wp-content\/uploads\/2019\/09\/ramus_tetovani_2019-768x602.jpg 768w\" sizes=\"(min-width: 960px) 75vw, 100vw\" \/><\/a><\/p>\n<p>Se to letos s tim tetov\u00e1n\u00edm na t\u00e1bo\u0159e n\u011bjak vymklo z rukou&#8230;<\/p>\n<p>&#8230;tak super, a te\u010f kdy\u017e jsme v\u00e1s \u0161okovali a z\u00edskali pozornost, tak je\u0161t\u011b p\u00e1r v\u011bt k t\u00e9to sobot\u011b, kdy slav\u00edme deset let ramus\u00ed existence. P\u00e1\u010d se mno\u017e\u00ed r\u016fzn\u00fd dotazy, dovol\u00edme si je\u0161t\u011b kr\u00e1tk\u00e9 ujas\u0148uj\u00edc\u00ed shrnut\u00ed:<\/p>\n<p>&gt; na akci (<a href=\"http:\/\/www.ramus.je\/10\">www.ramus.je\/10<\/a>) nen\u00ed t\u0159eba b\u00fdt nijak &#8222;ofici\u00e1ln\u011b registrovan\u00fd&#8220;, jen se j\u00ed sna\u017e\u00edme ud\u011blat trochu tajemn\u011bj\u0161\u00ed a speci\u00e1ln\u011bj\u0161\u00ed, a tak jsme informace o tom, kde akce je a jak se tam dostat, pos\u00edlali pohledem. Pokud jste toto pos\u00edl\u00e1n\u00ed pohled\u016f pro\u0161vihli, \u010di v\u00e1m z n\u011bjak\u00fdch d\u016fvod\u016f pohled nep\u0159i\u0161el, a chcete na akci dorazit (ale nev\u00edte kam a kdy, haha) pi\u0161te \u010di volejte pro v\u00edce informac\u00ed Hynkovi (<a href=\"mailto:hynek.trojanek@ramus.je\">hynek.trojanek@ramus.je<\/a>, 607 249 856)<\/p>\n<p>&gt; moc r\u00e1di v\u00e1s v\u0161echny v sobotu uvid\u00edme, nicm\u00e9n\u011b: nen\u00ed to z\u00e1jezd .) Ur\u010dili jsme \u010das, kdy chceme, abyste p\u0159ijeli, ale to je v\u0161e: cestu tam ani zp\u00e1tky nijak neorganizujeme, ka\u017ed\u00fd jede s\u00e1m za sebe. Pot\u0159ebujete-li osobn\u00ed asistenci, zkuste se s n\u011bk\u00fdm (ide\u00e1ln\u011b p\u0159edem) domluvit.<\/p>\n<p>&gt; bude hezky, to je jasn\u00fd!<\/p>\n","protected":false},"excerpt":{"rendered":"<p>Se to letos s tim tetov\u00e1n\u00edm na t\u00e1bo\u0159e n\u011bjak vymklo z rukou&#8230; &#8230;tak super, a te\u010f kdy\u017e jsme v\u00e1s \u0161okovali a z\u00edskali pozornost, tak je\u0161t\u011b p\u00e1r v\u011bt k t\u00e9to sobot\u011b, kdy slav\u00edme deset let ramus\u00ed existence. P\u00e1\u010d se mno\u017e\u00ed r\u016fzn\u00fd dotazy, dovol\u00edme si je\u0161t\u011b kr\u00e1tk\u00e9 ujas\u0148uj\u00edc\u00ed shrnut\u00ed: &gt; na akci (www.ramus.je\/10) nen\u00ed t\u0159eba b\u00fdt nijak &hellip; <a href=\"https:\/\/www.ramus.je\/nejlepsi\/ramusnakuzi\/\" class=\"more-link\">Continue reading<span class=\"screen-reader-text\"> &#8222;Ramus na k\u016f\u017ei&#8220;<\/span><\/a><\/p>\n","protected":false},"author":6,"featured_media":3477,"comment_status":"open","ping_status":"open","sticky":false,"template":"","format":"standard","meta":{"ngg_post_thumbnail":0,"footnotes":""},"categories":[213],"tags":[],"class_list":["post-3478","post","type-post","status-publish","format-standard","has-post-thumbnail","hentry","category-novinky"],"_links":{"self":[{"href":"https:\/\/www.ramus.je\/nejlepsi\/wp-json\/wp\/v2\/posts\/3478","targetHints":{"allow":["GET"]}}],"collection":[{"href":"https:\/\/www.ramus.je\/nejlepsi\/wp-json\/wp\/v2\/posts"}],"about":[{"href":"https:\/\/www.ramus.je\/nejlepsi\/wp-json\/wp\/v2\/types\/post"}],"author":[{"embeddable":true,"href":"https:\/\/www.ramus.je\/nejlepsi\/wp-json\/wp\/v2\/users\/6"}],"replies":[{"embeddable":true,"href":"https:\/\/www.ramus.je\/nejlepsi\/wp-json\/wp\/v2\/comments?post=3478"}],"version-history":[{"count":0,"href":"https:\/\/www.ramus.je\/nejlepsi\/wp-json\/wp\/v2\/posts\/3478\/revisions"}],"wp:featuredmedia":[{"embeddable":true,"href":"https:\/\/www.ramus.je\/nejlepsi\/wp-json\/wp\/v2\/media\/3477"}],"wp:attachment":[{"href":"https:\/\/www.ramus.je\/nejlepsi\/wp-json\/wp\/v2\/media?parent=3478"}],"wp:term":[{"taxonomy":"category","embeddable":true,"href":"https:\/\/www.ramus.je\/nejlepsi\/wp-json\/wp\/v2\/categories?post=3478"},{"taxonomy":"post_tag","embeddable":true,"href":"https:\/\/www.ramus.je\/nejlepsi\/wp-json\/wp\/v2\/tags?post=3478"}],"curies":[{"name":"wp","href":"https:\/\/api.w.org\/{rel}","templated":true}]}}