{"id":3470,"date":"2019-08-19T10:11:04","date_gmt":"2019-08-19T09:11:04","guid":{"rendered":"https:\/\/www.ramus.je\/web\/vymenastrazi\/"},"modified":"2019-08-19T10:11:04","modified_gmt":"2019-08-19T09:11:04","slug":"vymenastrazi","status":"publish","type":"post","link":"https:\/\/www.ramus.je\/nejlepsi\/vymenastrazi\/","title":{"rendered":"V\u00fdm\u011bna str\u00e1\u017e\u00ed"},"content":{"rendered":"<p><a href=\"https:\/\/www.ramus.je\/nejlepsi\/wp-content\/uploads\/2019\/08\/drsny_tabor_19.jpg\"><img decoding=\"async\" class=\" alignright size-full wp-image-3469\" style=\"float: right;\" src=\"https:\/\/www.ramus.je\/nejlepsi\/wp-content\/uploads\/2019\/08\/drsny_tabor_19.jpg\" alt=\"\" width=\"300\" srcset=\"https:\/\/www.ramus.je\/nejlepsi\/wp-content\/uploads\/2019\/08\/drsny_tabor_19.jpg 1440w, https:\/\/www.ramus.je\/nejlepsi\/wp-content\/uploads\/2019\/08\/drsny_tabor_19-300x225.jpg 300w, https:\/\/www.ramus.je\/nejlepsi\/wp-content\/uploads\/2019\/08\/drsny_tabor_19-1024x768.jpg 1024w, https:\/\/www.ramus.je\/nejlepsi\/wp-content\/uploads\/2019\/08\/drsny_tabor_19-768x576.jpg 768w, https:\/\/www.ramus.je\/nejlepsi\/wp-content\/uploads\/2019\/08\/drsny_tabor_19-160x120.jpg 160w\" sizes=\"(min-width: 960px) 75vw, 100vw\" \/><\/a><\/p>\n<p>Drsn\u00fd t\u00e1bor se lou\u010d\u00ed! Na louce ho ji\u017e od v\u010derej\u0161ka vyst\u0159\u00eddal n\u00e1\u0161 dal\u0161\u00ed t\u00e1bor legendov\u00fd.<\/p>\n<p><a href=\"https:\/\/www.ramus.je\/nejlepsi\/wp-content\/uploads\/2019\/08\/drsny_tabor_19.jpg\"><\/a><\/p>\n<p>K prom\u00edt\u00e1n\u00ed fotek z obou t\u00e1bor\u016f dojde v sobotu 14. z\u00e1\u0159\u00ed v r\u00e1mci oslav deseti let Ramusu, mrkn\u011bte tu: <a href=\"http:\/\/www.ramus.je\/10\">www.ramus.je\/10<\/a><\/p>\n<p><a href=\"https:\/\/www.ramus.je\/nejlepsi\/wp-content\/uploads\/2019\/08\/drsny_tabor_19.jpg\"><\/a><\/p>\n","protected":false},"excerpt":{"rendered":"<p>Drsn\u00fd t\u00e1bor se lou\u010d\u00ed! Na louce ho ji\u017e od v\u010derej\u0161ka vyst\u0159\u00eddal n\u00e1\u0161 dal\u0161\u00ed t\u00e1bor legendov\u00fd. K prom\u00edt\u00e1n\u00ed fotek z obou t\u00e1bor\u016f dojde v sobotu 14. z\u00e1\u0159\u00ed v r\u00e1mci oslav deseti let Ramusu, mrkn\u011bte tu: www.ramus.je\/10<\/p>\n","protected":false},"author":6,"featured_media":3469,"comment_status":"open","ping_status":"open","sticky":false,"template":"","format":"standard","meta":{"ngg_post_thumbnail":0,"footnotes":""},"categories":[213],"tags":[],"class_list":["post-3470","post","type-post","status-publish","format-standard","has-post-thumbnail","hentry","category-novinky"],"_links":{"self":[{"href":"https:\/\/www.ramus.je\/nejlepsi\/wp-json\/wp\/v2\/posts\/3470","targetHints":{"allow":["GET"]}}],"collection":[{"href":"https:\/\/www.ramus.je\/nejlepsi\/wp-json\/wp\/v2\/posts"}],"about":[{"href":"https:\/\/www.ramus.je\/nejlepsi\/wp-json\/wp\/v2\/types\/post"}],"author":[{"embeddable":true,"href":"https:\/\/www.ramus.je\/nejlepsi\/wp-json\/wp\/v2\/users\/6"}],"replies":[{"embeddable":true,"href":"https:\/\/www.ramus.je\/nejlepsi\/wp-json\/wp\/v2\/comments?post=3470"}],"version-history":[{"count":0,"href":"https:\/\/www.ramus.je\/nejlepsi\/wp-json\/wp\/v2\/posts\/3470\/revisions"}],"wp:featuredmedia":[{"embeddable":true,"href":"https:\/\/www.ramus.je\/nejlepsi\/wp-json\/wp\/v2\/media\/3469"}],"wp:attachment":[{"href":"https:\/\/www.ramus.je\/nejlepsi\/wp-json\/wp\/v2\/media?parent=3470"}],"wp:term":[{"taxonomy":"category","embeddable":true,"href":"https:\/\/www.ramus.je\/nejlepsi\/wp-json\/wp\/v2\/categories?post=3470"},{"taxonomy":"post_tag","embeddable":true,"href":"https:\/\/www.ramus.je\/nejlepsi\/wp-json\/wp\/v2\/tags?post=3470"}],"curies":[{"name":"wp","href":"https:\/\/api.w.org\/{rel}","templated":true}]}}