{"id":3466,"date":"2019-07-29T17:31:21","date_gmt":"2019-07-29T16:31:21","guid":{"rendered":"https:\/\/www.ramus.je\/web\/taburekvklidu\/"},"modified":"2019-07-29T17:31:21","modified_gmt":"2019-07-29T16:31:21","slug":"taburekvklidu","status":"publish","type":"post","link":"https:\/\/www.ramus.je\/nejlepsi\/taburekvklidu\/","title":{"rendered":"T\u00e1b\u016frek v klidu"},"content":{"rendered":"<p><a href=\"http:\/\/www.ramus.je\/nejlepsi\/index.php\/archiv\/galerie\/category\/241-2019-07-29-15-32-48\"><img decoding=\"async\" style=\"float: right;\" src=\"http:\/\/www.ramus.je\/nejlepsi\/images\/phocagallery\/2019\/taburek_cervenec_19\/thumbs\/phoca_thumb_l_IMG_20190704_211911.jpg\" alt=\"\" width=\"300\" \/><\/a><\/p>\n<p>Na za\u010d\u00e1tku \u010dervence jsme uspo\u0159\u00e1dali tradi\u010dn\u00ed t\u00e1b\u016frek: n\u011bkolikadenn\u00ed akci pro men\u0161\u00ed po\u010det lid\u00ed, kter\u00e1 je p\u0159edzv\u011bst\u00ed na\u0161ich velk\u00fdch srpnov\u00fdch t\u00e1bor\u016f.<\/p>\n<p>Za prop\u016fj\u010den\u00e9 z\u00e1zem\u00ed moc d\u011bkujeme rodin\u011b Svit\u00e1k\u016f! <a href=\"http:\/\/www.ramus.je\/nejlepsi\/index.php\/archiv\/galerie\/category\/241-2019-07-29-15-32-48\">Mrkn\u011bte na fotky<\/a>\u00a0a jestli budete m\u00edt pocit, \u017ee se na nich a\u017e moc \u010dasto povalujeme, j\u00edme, \u010di jinak odpo\u010d\u00edv\u00e1me, pak je to pocit spr\u00e1vn\u00fd &#8211; t\u00e9matem leto\u0161n\u00edho t\u00e1b\u016frku byl odpo\u010dinek a\u017e nicned\u011bl\u00e1n\u00ed.<\/p>\n<p>V\u011brn\u00fdm pr\u016fvodcem n\u00e1m p\u0159itom byla kniha Tima Collinse <em>Ho\u010f se do klidu: Lenochod\u00ed cesta k relaxaci a spokojen\u00e9mu \u017eivotu<\/em>, brilantn\u00ed sb\u00edrka \u017eivotn\u00edch n\u00e1vod\u016f a tip\u016f od t\u011bch nejpov\u011b\u0159en\u011bj\u0161\u00edch expert\u016f na relaxaci: lenochod\u016f! V\u0159ele doporu\u010dujeme.<\/p>\n","protected":false},"excerpt":{"rendered":"<p>Na za\u010d\u00e1tku \u010dervence jsme uspo\u0159\u00e1dali tradi\u010dn\u00ed t\u00e1b\u016frek: n\u011bkolikadenn\u00ed akci pro men\u0161\u00ed po\u010det lid\u00ed, kter\u00e1 je p\u0159edzv\u011bst\u00ed na\u0161ich velk\u00fdch srpnov\u00fdch t\u00e1bor\u016f. Za prop\u016fj\u010den\u00e9 z\u00e1zem\u00ed moc d\u011bkujeme rodin\u011b Svit\u00e1k\u016f! Mrkn\u011bte na fotky\u00a0a jestli budete m\u00edt pocit, \u017ee se na nich a\u017e moc \u010dasto povalujeme, j\u00edme, \u010di jinak odpo\u010d\u00edv\u00e1me, pak je to pocit spr\u00e1vn\u00fd &#8211; t\u00e9matem leto\u0161n\u00edho t\u00e1b\u016frku &hellip; <a href=\"https:\/\/www.ramus.je\/nejlepsi\/taburekvklidu\/\" class=\"more-link\">Continue reading<span class=\"screen-reader-text\"> &#8222;T\u00e1b\u016frek v klidu&#8220;<\/span><\/a><\/p>\n","protected":false},"author":6,"featured_media":0,"comment_status":"open","ping_status":"open","sticky":false,"template":"","format":"standard","meta":{"ngg_post_thumbnail":0,"footnotes":""},"categories":[213],"tags":[],"class_list":["post-3466","post","type-post","status-publish","format-standard","hentry","category-novinky"],"_links":{"self":[{"href":"https:\/\/www.ramus.je\/nejlepsi\/wp-json\/wp\/v2\/posts\/3466","targetHints":{"allow":["GET"]}}],"collection":[{"href":"https:\/\/www.ramus.je\/nejlepsi\/wp-json\/wp\/v2\/posts"}],"about":[{"href":"https:\/\/www.ramus.je\/nejlepsi\/wp-json\/wp\/v2\/types\/post"}],"author":[{"embeddable":true,"href":"https:\/\/www.ramus.je\/nejlepsi\/wp-json\/wp\/v2\/users\/6"}],"replies":[{"embeddable":true,"href":"https:\/\/www.ramus.je\/nejlepsi\/wp-json\/wp\/v2\/comments?post=3466"}],"version-history":[{"count":0,"href":"https:\/\/www.ramus.je\/nejlepsi\/wp-json\/wp\/v2\/posts\/3466\/revisions"}],"wp:attachment":[{"href":"https:\/\/www.ramus.je\/nejlepsi\/wp-json\/wp\/v2\/media?parent=3466"}],"wp:term":[{"taxonomy":"category","embeddable":true,"href":"https:\/\/www.ramus.je\/nejlepsi\/wp-json\/wp\/v2\/categories?post=3466"},{"taxonomy":"post_tag","embeddable":true,"href":"https:\/\/www.ramus.je\/nejlepsi\/wp-json\/wp\/v2\/tags?post=3466"}],"curies":[{"name":"wp","href":"https:\/\/api.w.org\/{rel}","templated":true}]}}