{"id":3460,"date":"2019-06-16T00:00:00","date_gmt":"2019-06-15T23:00:00","guid":{"rendered":"https:\/\/www.ramus.je\/web\/kubamavernisaz\/"},"modified":"2019-06-16T00:00:00","modified_gmt":"2019-06-15T23:00:00","slug":"kubamavernisaz","status":"publish","type":"post","link":"https:\/\/www.ramus.je\/nejlepsi\/kubamavernisaz\/","title":{"rendered":"Kuba m\u00e1 vernis\u00e1\u017e"},"content":{"rendered":"<p><a href=\"https:\/\/www.ramus.je\/nejlepsi\/wp-content\/uploads\/2019\/06\/kuba_vernisaz_19.jpg\"><img decoding=\"async\" class=\" alignright size-full wp-image-3459\" style=\"float: right;\" src=\"https:\/\/www.ramus.je\/nejlepsi\/wp-content\/uploads\/2019\/06\/kuba_vernisaz_19.jpg\" alt=\"alt\" width=\"300\" srcset=\"https:\/\/www.ramus.je\/nejlepsi\/wp-content\/uploads\/2019\/06\/kuba_vernisaz_19.jpg 679w, https:\/\/www.ramus.je\/nejlepsi\/wp-content\/uploads\/2019\/06\/kuba_vernisaz_19-212x300.jpg 212w\" sizes=\"(min-width: 960px) 75vw, 100vw\" \/><\/a><\/p>\n<p>Z\u00edtra od \u0161esti m\u00e1 v TA KAV\u00c1RN\u011a vernis\u00e1\u017e obraz\u016f n\u00e1\u0161 kamar\u00e1d, t\u00e1born\u00edk a v\u00fdznamn\u00fd p\u0159edstavil \u010desk\u00e9ho art brutu Kuba Verich.<\/p>\n<p>P\u0159ij\u010fte, bude to par\u00e1di\u010dkov\u00fd!<\/p>\n","protected":false},"excerpt":{"rendered":"<p>Z\u00edtra od \u0161esti m\u00e1 v TA KAV\u00c1RN\u011a vernis\u00e1\u017e obraz\u016f n\u00e1\u0161 kamar\u00e1d, t\u00e1born\u00edk a v\u00fdznamn\u00fd p\u0159edstavil \u010desk\u00e9ho art brutu Kuba Verich. P\u0159ij\u010fte, bude to par\u00e1di\u010dkov\u00fd!<\/p>\n","protected":false},"author":6,"featured_media":3457,"comment_status":"open","ping_status":"open","sticky":false,"template":"","format":"standard","meta":{"ngg_post_thumbnail":0,"footnotes":""},"categories":[213],"tags":[],"class_list":["post-3460","post","type-post","status-publish","format-standard","has-post-thumbnail","hentry","category-novinky"],"_links":{"self":[{"href":"https:\/\/www.ramus.je\/nejlepsi\/wp-json\/wp\/v2\/posts\/3460","targetHints":{"allow":["GET"]}}],"collection":[{"href":"https:\/\/www.ramus.je\/nejlepsi\/wp-json\/wp\/v2\/posts"}],"about":[{"href":"https:\/\/www.ramus.je\/nejlepsi\/wp-json\/wp\/v2\/types\/post"}],"author":[{"embeddable":true,"href":"https:\/\/www.ramus.je\/nejlepsi\/wp-json\/wp\/v2\/users\/6"}],"replies":[{"embeddable":true,"href":"https:\/\/www.ramus.je\/nejlepsi\/wp-json\/wp\/v2\/comments?post=3460"}],"version-history":[{"count":0,"href":"https:\/\/www.ramus.je\/nejlepsi\/wp-json\/wp\/v2\/posts\/3460\/revisions"}],"wp:featuredmedia":[{"embeddable":true,"href":"https:\/\/www.ramus.je\/nejlepsi\/wp-json\/wp\/v2\/media\/3457"}],"wp:attachment":[{"href":"https:\/\/www.ramus.je\/nejlepsi\/wp-json\/wp\/v2\/media?parent=3460"}],"wp:term":[{"taxonomy":"category","embeddable":true,"href":"https:\/\/www.ramus.je\/nejlepsi\/wp-json\/wp\/v2\/categories?post=3460"},{"taxonomy":"post_tag","embeddable":true,"href":"https:\/\/www.ramus.je\/nejlepsi\/wp-json\/wp\/v2\/tags?post=3460"}],"curies":[{"name":"wp","href":"https:\/\/api.w.org\/{rel}","templated":true}]}}