{"id":3446,"date":"2019-05-25T19:42:59","date_gmt":"2019-05-25T18:42:59","guid":{"rendered":"https:\/\/www.ramus.je\/web\/dinosaurinablatinach\/"},"modified":"2022-05-16T12:02:00","modified_gmt":"2022-05-16T11:02:00","slug":"dinosaurinablatinach","status":"publish","type":"post","link":"https:\/\/www.ramus.je\/nejlepsi\/dinosaurinablatinach\/","title":{"rendered":"Dinosau\u0159i na Blatin\u00e1ch"},"content":{"rendered":"<p><a href=\"https:\/\/www.ramus.je\/nejlepsi\/jou\/\"><img decoding=\"async\" class=\" alignright size-full wp-image-3445\" style=\"float: right;\" src=\"https:\/\/www.ramus.je\/nejlepsi\/wp-content\/uploads\/2019\/05\/phoca_thumb_l_IMG_6389.JPG\" alt=\"alt\" width=\"300\" srcset=\"https:\/\/www.ramus.je\/nejlepsi\/wp-content\/uploads\/2019\/05\/phoca_thumb_l_IMG_6389.JPG 1024w, https:\/\/www.ramus.je\/nejlepsi\/wp-content\/uploads\/2019\/05\/phoca_thumb_l_IMG_6389-300x200.jpg 300w, https:\/\/www.ramus.je\/nejlepsi\/wp-content\/uploads\/2019\/05\/phoca_thumb_l_IMG_6389-768x512.jpg 768w, https:\/\/www.ramus.je\/nejlepsi\/wp-content\/uploads\/2019\/05\/phoca_thumb_l_IMG_6389-720x480.jpg 720w, https:\/\/www.ramus.je\/nejlepsi\/wp-content\/uploads\/2019\/05\/phoca_thumb_l_IMG_6389-120x80.jpg 120w\" sizes=\"(min-width: 960px) 75vw, 100vw\" \/><\/a><\/p>\n<p>Moc d\u011bkujeme Matou\u0161ovi a Martin\u011b z <a href=\"http:\/\/www.malostatekblatiny.cz\/\">Malostatek Blatiny<\/a> za to, \u017ee jsme u nich mohli str\u00e1vit na\u0161\u00ed kv\u011btnovou v\u00edkendovku!<\/p>\n<p>T\u00e9matem byli tentokr\u00e1t dinosau\u0159i. A pokud jsme za nimi zrovna nesk\u00e1kali do minulosti, u\u017e\u00edvali jsme si p\u0159\u00edtomnosti, ve kter\u00e9 n\u00e1m d\u011blali p\u0159\u00edtomnost kon\u00edci, pejsci a dal\u0161\u00ed zv\u00ed\u0159ectvo.<\/p>\n<p><a href=\"https:\/\/www.ramus.je\/nejlepsi\/jou\/\">Mrkn\u011bte na fotky<\/a>, uvid\u00edte t\u0159eba, jak jsme si fr\u010deli na povozu ta\u017een\u00e9m volkem!<\/p>\n","protected":false},"excerpt":{"rendered":"<p>Moc d\u011bkujeme Matou\u0161ovi a Martin\u011b z Malostatek Blatiny za to, \u017ee jsme u nich mohli str\u00e1vit na\u0161\u00ed kv\u011btnovou v\u00edkendovku! T\u00e9matem byli tentokr\u00e1t dinosau\u0159i. A pokud jsme za nimi zrovna nesk\u00e1kali do minulosti, u\u017e\u00edvali jsme si p\u0159\u00edtomnosti, ve kter\u00e9 n\u00e1m d\u011blali p\u0159\u00edtomnost kon\u00edci, pejsci a dal\u0161\u00ed zv\u00ed\u0159ectvo. Mrkn\u011bte na fotky, uvid\u00edte t\u0159eba, jak jsme si fr\u010deli &hellip; <a href=\"https:\/\/www.ramus.je\/nejlepsi\/dinosaurinablatinach\/\" class=\"more-link\">Continue reading<span class=\"screen-reader-text\"> &#8222;Dinosau\u0159i na Blatin\u00e1ch&#8220;<\/span><\/a><\/p>\n","protected":false},"author":6,"featured_media":3444,"comment_status":"open","ping_status":"open","sticky":false,"template":"","format":"standard","meta":{"ngg_post_thumbnail":0,"footnotes":""},"categories":[213],"tags":[],"class_list":["post-3446","post","type-post","status-publish","format-standard","has-post-thumbnail","hentry","category-novinky"],"_links":{"self":[{"href":"https:\/\/www.ramus.je\/nejlepsi\/wp-json\/wp\/v2\/posts\/3446","targetHints":{"allow":["GET"]}}],"collection":[{"href":"https:\/\/www.ramus.je\/nejlepsi\/wp-json\/wp\/v2\/posts"}],"about":[{"href":"https:\/\/www.ramus.je\/nejlepsi\/wp-json\/wp\/v2\/types\/post"}],"author":[{"embeddable":true,"href":"https:\/\/www.ramus.je\/nejlepsi\/wp-json\/wp\/v2\/users\/6"}],"replies":[{"embeddable":true,"href":"https:\/\/www.ramus.je\/nejlepsi\/wp-json\/wp\/v2\/comments?post=3446"}],"version-history":[{"count":1,"href":"https:\/\/www.ramus.je\/nejlepsi\/wp-json\/wp\/v2\/posts\/3446\/revisions"}],"predecessor-version":[{"id":3721,"href":"https:\/\/www.ramus.je\/nejlepsi\/wp-json\/wp\/v2\/posts\/3446\/revisions\/3721"}],"wp:featuredmedia":[{"embeddable":true,"href":"https:\/\/www.ramus.je\/nejlepsi\/wp-json\/wp\/v2\/media\/3444"}],"wp:attachment":[{"href":"https:\/\/www.ramus.je\/nejlepsi\/wp-json\/wp\/v2\/media?parent=3446"}],"wp:term":[{"taxonomy":"category","embeddable":true,"href":"https:\/\/www.ramus.je\/nejlepsi\/wp-json\/wp\/v2\/categories?post=3446"},{"taxonomy":"post_tag","embeddable":true,"href":"https:\/\/www.ramus.je\/nejlepsi\/wp-json\/wp\/v2\/tags?post=3446"}],"curies":[{"name":"wp","href":"https:\/\/api.w.org\/{rel}","templated":true}]}}