{"id":3396,"date":"2019-03-15T00:00:00","date_gmt":"2019-03-14T23:00:00","guid":{"rendered":"https:\/\/www.ramus.je\/web\/dilna-stavkuje\/"},"modified":"2019-03-15T00:00:00","modified_gmt":"2019-03-14T23:00:00","slug":"dilna-stavkuje","status":"publish","type":"post","link":"https:\/\/www.ramus.je\/nejlepsi\/dilna-stavkuje\/","title":{"rendered":"D\u00edlna st\u00e1vkuje"},"content":{"rendered":"<p><img decoding=\"async\" class=\" alignright size-full wp-image-3395\" style=\"float: right;\" src=\"https:\/\/www.ramus.je\/nejlepsi\/wp-content\/uploads\/2019\/03\/ramus_klima_0319.jpeg\" alt=\"alt\" width=\"300\" srcset=\"https:\/\/www.ramus.je\/nejlepsi\/wp-content\/uploads\/2019\/03\/ramus_klima_0319.jpeg 1728w, https:\/\/www.ramus.je\/nejlepsi\/wp-content\/uploads\/2019\/03\/ramus_klima_0319-300x225.jpeg 300w, https:\/\/www.ramus.je\/nejlepsi\/wp-content\/uploads\/2019\/03\/ramus_klima_0319-1024x768.jpeg 1024w, https:\/\/www.ramus.je\/nejlepsi\/wp-content\/uploads\/2019\/03\/ramus_klima_0319-768x576.jpeg 768w, https:\/\/www.ramus.je\/nejlepsi\/wp-content\/uploads\/2019\/03\/ramus_klima_0319-1536x1152.jpeg 1536w, https:\/\/www.ramus.je\/nejlepsi\/wp-content\/uploads\/2019\/03\/ramus_klima_0319-160x120.jpeg 160w\" sizes=\"(min-width: 960px) 75vw, 100vw\" \/><\/p>\n<p>Ka\u017ed\u00fd p\u00e1tek je v na\u0161\u00ed truhl\u00e1\u0159sk\u00e9 d\u00edln\u011b ru\u0161no: brous\u00ed se, lakuje, mak\u00e1&#8230;<\/p>\n<p>Dnes v\u0161ak M a M vyhl\u00e1sili st\u00e1vku! M\u00edsto do d\u00edlny zam\u00ed\u0159ili podpo\u0159it studentsk\u00fd pochod za lep\u0161\u00ed klima. Omluvou jim budi\u017e, \u017ee pr\u00fd na akci nabrali novou posilu: tu\u010d\u0148\u00e1ka.<\/p>\n<p>#FridaysforFuture<\/p>\n","protected":false},"excerpt":{"rendered":"<p>Ka\u017ed\u00fd p\u00e1tek je v na\u0161\u00ed truhl\u00e1\u0159sk\u00e9 d\u00edln\u011b ru\u0161no: brous\u00ed se, lakuje, mak\u00e1&#8230; Dnes v\u0161ak M a M vyhl\u00e1sili st\u00e1vku! M\u00edsto do d\u00edlny zam\u00ed\u0159ili podpo\u0159it studentsk\u00fd pochod za lep\u0161\u00ed klima. Omluvou jim budi\u017e, \u017ee pr\u00fd na akci nabrali novou posilu: tu\u010d\u0148\u00e1ka. #FridaysforFuture<\/p>\n","protected":false},"author":6,"featured_media":3394,"comment_status":"open","ping_status":"open","sticky":false,"template":"","format":"standard","meta":{"ngg_post_thumbnail":0,"footnotes":""},"categories":[213],"tags":[],"class_list":["post-3396","post","type-post","status-publish","format-standard","has-post-thumbnail","hentry","category-novinky"],"_links":{"self":[{"href":"https:\/\/www.ramus.je\/nejlepsi\/wp-json\/wp\/v2\/posts\/3396","targetHints":{"allow":["GET"]}}],"collection":[{"href":"https:\/\/www.ramus.je\/nejlepsi\/wp-json\/wp\/v2\/posts"}],"about":[{"href":"https:\/\/www.ramus.je\/nejlepsi\/wp-json\/wp\/v2\/types\/post"}],"author":[{"embeddable":true,"href":"https:\/\/www.ramus.je\/nejlepsi\/wp-json\/wp\/v2\/users\/6"}],"replies":[{"embeddable":true,"href":"https:\/\/www.ramus.je\/nejlepsi\/wp-json\/wp\/v2\/comments?post=3396"}],"version-history":[{"count":0,"href":"https:\/\/www.ramus.je\/nejlepsi\/wp-json\/wp\/v2\/posts\/3396\/revisions"}],"wp:featuredmedia":[{"embeddable":true,"href":"https:\/\/www.ramus.je\/nejlepsi\/wp-json\/wp\/v2\/media\/3394"}],"wp:attachment":[{"href":"https:\/\/www.ramus.je\/nejlepsi\/wp-json\/wp\/v2\/media?parent=3396"}],"wp:term":[{"taxonomy":"category","embeddable":true,"href":"https:\/\/www.ramus.je\/nejlepsi\/wp-json\/wp\/v2\/categories?post=3396"},{"taxonomy":"post_tag","embeddable":true,"href":"https:\/\/www.ramus.je\/nejlepsi\/wp-json\/wp\/v2\/tags?post=3396"}],"curies":[{"name":"wp","href":"https:\/\/api.w.org\/{rel}","templated":true}]}}