{"id":3393,"date":"2019-03-13T18:27:32","date_gmt":"2019-03-13T17:27:32","guid":{"rendered":"https:\/\/www.ramus.je\/web\/strakonice-ep\/"},"modified":"2019-03-13T18:27:32","modified_gmt":"2019-03-13T17:27:32","slug":"strakonice-ep","status":"publish","type":"post","link":"https:\/\/www.ramus.je\/nejlepsi\/strakonice-ep\/","title":{"rendered":"Strakonice EP"},"content":{"rendered":"<p>Bylo nebylo, odjel Ramus v b\u0159eznu 2019 do Strakonic, aby zjistil, jak se to m\u00e1 s tamn\u00ed rapovou sc\u00e9nou. I uvid\u011bl, \u017ee to nen\u00ed moc dobr\u00e9, a rozhodl se tam nato\u010dit vlastn\u00ed rapov\u00e9 album. Pod n\u00e1zvem\u00a0<strong>STRAKONICE EP<\/strong>\u00a0ho pou\u0161t\u00edme do sv\u011bta pr\u00e1v\u011b te\u010f a poslechnout si ho m\u016f\u017eete na\u00a0<strong><a href=\"http:\/\/rapmus.bandcamp.com\">rapmus.bandcamp.com<\/a><\/strong><\/p>\n<p>Fotky ze samotn\u00e9 v\u00edkendovky (tedy z pozad\u00ed vzniku alba) najdete\u00a0<strong><a href=\"http:\/\/www.ramus.je\/nejlepsi\/index.php\/archiv\/galerie\/category\/228-rapovystrakocity\">tadydle<\/a><\/strong>.<\/p>\n<p><a href=\"https:\/\/rapmus.bandcamp.com\/releases\"><img decoding=\"async\" class=\" size-full wp-image-3392\" src=\"https:\/\/www.ramus.je\/nejlepsi\/wp-content\/uploads\/2019\/03\/rapmus_cover_mini.jpg\" alt=\"alt\" width=\"400\" srcset=\"https:\/\/www.ramus.je\/nejlepsi\/wp-content\/uploads\/2019\/03\/rapmus_cover_mini.jpg 1600w, https:\/\/www.ramus.je\/nejlepsi\/wp-content\/uploads\/2019\/03\/rapmus_cover_mini-300x300.jpg 300w, https:\/\/www.ramus.je\/nejlepsi\/wp-content\/uploads\/2019\/03\/rapmus_cover_mini-1024x1024.jpg 1024w, https:\/\/www.ramus.je\/nejlepsi\/wp-content\/uploads\/2019\/03\/rapmus_cover_mini-150x150.jpg 150w, https:\/\/www.ramus.je\/nejlepsi\/wp-content\/uploads\/2019\/03\/rapmus_cover_mini-768x768.jpg 768w, https:\/\/www.ramus.je\/nejlepsi\/wp-content\/uploads\/2019\/03\/rapmus_cover_mini-1536x1536.jpg 1536w\" sizes=\"(min-width: 960px) 75vw, 100vw\" \/><\/a><\/p>\n","protected":false},"excerpt":{"rendered":"<p>Bylo nebylo, odjel Ramus v b\u0159eznu 2019 do Strakonic, aby zjistil, jak se to m\u00e1 s tamn\u00ed rapovou sc\u00e9nou. I uvid\u011bl, \u017ee to nen\u00ed moc dobr\u00e9, a rozhodl se tam nato\u010dit vlastn\u00ed rapov\u00e9 album. Pod n\u00e1zvem\u00a0STRAKONICE EP\u00a0ho pou\u0161t\u00edme do sv\u011bta pr\u00e1v\u011b te\u010f a poslechnout si ho m\u016f\u017eete na\u00a0rapmus.bandcamp.com Fotky ze samotn\u00e9 v\u00edkendovky (tedy z pozad\u00ed &hellip; <a href=\"https:\/\/www.ramus.je\/nejlepsi\/strakonice-ep\/\" class=\"more-link\">Continue reading<span class=\"screen-reader-text\"> &#8222;Strakonice EP&#8220;<\/span><\/a><\/p>\n","protected":false},"author":6,"featured_media":3391,"comment_status":"open","ping_status":"open","sticky":false,"template":"","format":"standard","meta":{"ngg_post_thumbnail":0,"footnotes":""},"categories":[213],"tags":[],"class_list":["post-3393","post","type-post","status-publish","format-standard","has-post-thumbnail","hentry","category-novinky"],"_links":{"self":[{"href":"https:\/\/www.ramus.je\/nejlepsi\/wp-json\/wp\/v2\/posts\/3393","targetHints":{"allow":["GET"]}}],"collection":[{"href":"https:\/\/www.ramus.je\/nejlepsi\/wp-json\/wp\/v2\/posts"}],"about":[{"href":"https:\/\/www.ramus.je\/nejlepsi\/wp-json\/wp\/v2\/types\/post"}],"author":[{"embeddable":true,"href":"https:\/\/www.ramus.je\/nejlepsi\/wp-json\/wp\/v2\/users\/6"}],"replies":[{"embeddable":true,"href":"https:\/\/www.ramus.je\/nejlepsi\/wp-json\/wp\/v2\/comments?post=3393"}],"version-history":[{"count":0,"href":"https:\/\/www.ramus.je\/nejlepsi\/wp-json\/wp\/v2\/posts\/3393\/revisions"}],"wp:featuredmedia":[{"embeddable":true,"href":"https:\/\/www.ramus.je\/nejlepsi\/wp-json\/wp\/v2\/media\/3391"}],"wp:attachment":[{"href":"https:\/\/www.ramus.je\/nejlepsi\/wp-json\/wp\/v2\/media?parent=3393"}],"wp:term":[{"taxonomy":"category","embeddable":true,"href":"https:\/\/www.ramus.je\/nejlepsi\/wp-json\/wp\/v2\/categories?post=3393"},{"taxonomy":"post_tag","embeddable":true,"href":"https:\/\/www.ramus.je\/nejlepsi\/wp-json\/wp\/v2\/tags?post=3393"}],"curies":[{"name":"wp","href":"https:\/\/api.w.org\/{rel}","templated":true}]}}