{"id":3383,"date":"2019-02-22T19:25:46","date_gmt":"2019-02-22T18:25:46","guid":{"rendered":"https:\/\/www.ramus.je\/web\/obvolavacka\/"},"modified":"2019-02-22T19:25:46","modified_gmt":"2019-02-22T18:25:46","slug":"obvolavacka","status":"publish","type":"post","link":"https:\/\/www.ramus.je\/nejlepsi\/obvolavacka\/","title":{"rendered":"Obvol\u00e1va\u010dka"},"content":{"rendered":"<p>Minul\u00fd rok jsme m\u011bli trochu trable posehnat asistentuj\u00edc\u00ed lidi na na\u0161e t\u00e1bory. Tak jsme dumali, co s t\u00edm letos. Po t\u00fddnech koum\u00e1n\u00ed jsme na to k\u00e1pli: prost\u011b t\u011bm lidem, kte\u0159\u00ed s Ramusem u\u017e n\u011bkdy asistovali, zavol\u00e1me! A tak se stalo a byla to sranda. Mrkn\u011bte se na video, jak to zhruba prob\u00edhalo.<\/p>\n<p>M\u00e1me tak hrub\u00fd p\u0159ehled o tom, kdo m\u00e1 kdy z\u00e1jem kam s n\u00e1ma jet, p\u0159esto na\u0161e vol\u00e1n\u00ed nad\u00e1le trv\u00e1 a roz\u0161i\u0159ujeme ho nyn\u00ed i do kyberprostoru: t\u00e1k\u017ee, pokud byste s n\u00e1ma r\u00e1di jeli letos na t\u00e1bor asistovat, a\u0165 u\u017e na drsn\u00fd (8.\u201418. 8.) \u010di legendov\u00fd (18.\u201430. 8.), dejte to pros\u00edm co nejd\u0159\u00edve v\u011bd\u011bt na\u0161\u00ed koordin\u00e1torce Terce na <a href=\"mailto:tereza.stopkova@ramus.je.\">tereza.stopkova@ramus.je.<\/a> D\u00edky!<\/p>\n<p>Ned\u00e1te-li v\u011bd\u011bt, koledujete si o to, \u017ee v\u00e1m n\u011bkdo od n\u00e1s zavol\u00e1, a to fakt nechcete .)<\/p>\n<p><a href=\"http:\/\/vimeo.com\/318854160\">http:\/\/vimeo.com\/318854160<\/a><\/p>\n","protected":false},"excerpt":{"rendered":"<p>Minul\u00fd rok jsme m\u011bli trochu trable posehnat asistentuj\u00edc\u00ed lidi na na\u0161e t\u00e1bory. Tak jsme dumali, co s t\u00edm letos. Po t\u00fddnech koum\u00e1n\u00ed jsme na to k\u00e1pli: prost\u011b t\u011bm lidem, kte\u0159\u00ed s Ramusem u\u017e n\u011bkdy asistovali, zavol\u00e1me! A tak se stalo a byla to sranda. Mrkn\u011bte se na video, jak to zhruba prob\u00edhalo. M\u00e1me tak hrub\u00fd &hellip; <a href=\"https:\/\/www.ramus.je\/nejlepsi\/obvolavacka\/\" class=\"more-link\">Continue reading<span class=\"screen-reader-text\"> &#8222;Obvol\u00e1va\u010dka&#8220;<\/span><\/a><\/p>\n","protected":false},"author":6,"featured_media":0,"comment_status":"open","ping_status":"open","sticky":false,"template":"","format":"standard","meta":{"ngg_post_thumbnail":0,"footnotes":""},"categories":[213],"tags":[],"class_list":["post-3383","post","type-post","status-publish","format-standard","hentry","category-novinky"],"_links":{"self":[{"href":"https:\/\/www.ramus.je\/nejlepsi\/wp-json\/wp\/v2\/posts\/3383","targetHints":{"allow":["GET"]}}],"collection":[{"href":"https:\/\/www.ramus.je\/nejlepsi\/wp-json\/wp\/v2\/posts"}],"about":[{"href":"https:\/\/www.ramus.je\/nejlepsi\/wp-json\/wp\/v2\/types\/post"}],"author":[{"embeddable":true,"href":"https:\/\/www.ramus.je\/nejlepsi\/wp-json\/wp\/v2\/users\/6"}],"replies":[{"embeddable":true,"href":"https:\/\/www.ramus.je\/nejlepsi\/wp-json\/wp\/v2\/comments?post=3383"}],"version-history":[{"count":0,"href":"https:\/\/www.ramus.je\/nejlepsi\/wp-json\/wp\/v2\/posts\/3383\/revisions"}],"wp:attachment":[{"href":"https:\/\/www.ramus.je\/nejlepsi\/wp-json\/wp\/v2\/media?parent=3383"}],"wp:term":[{"taxonomy":"category","embeddable":true,"href":"https:\/\/www.ramus.je\/nejlepsi\/wp-json\/wp\/v2\/categories?post=3383"},{"taxonomy":"post_tag","embeddable":true,"href":"https:\/\/www.ramus.je\/nejlepsi\/wp-json\/wp\/v2\/tags?post=3383"}],"curies":[{"name":"wp","href":"https:\/\/api.w.org\/{rel}","templated":true}]}}