{"id":3375,"date":"2019-02-10T17:53:16","date_gmt":"2019-02-10T16:53:16","guid":{"rendered":"https:\/\/www.ramus.je\/web\/financnidar\/"},"modified":"2019-02-10T17:53:16","modified_gmt":"2019-02-10T16:53:16","slug":"financnidar","status":"publish","type":"post","link":"https:\/\/www.ramus.je\/nejlepsi\/financnidar\/","title":{"rendered":"Finan\u010dn\u00ed dar"},"content":{"rendered":"<p>Ramus obdr\u017eel v\u00fdznamn\u00fd finan\u010dn\u00ed dar ve v\u00fd\u0161i <strong>100 000 K\u010d<\/strong> od Jany Strakov\u00e9. D\u00cdKY, moc si toho v\u00e1\u017e\u00edme!<\/p>\n<p>Jak k tomu do\u0161lo? Na konci ledna byly ud\u011bleny ceny Nadace \u010cesk\u00e9 spo\u0159itelny pro &#8222;hybatele zm\u011bn&#8220; &#8211; a Jana Strakov\u00e1, kter\u00e1 dlouhodob\u011b bojuje za rovnost ve ve\u0159ejn\u00e9m vzd\u011bl\u00e1v\u00e1n\u00ed, byla jednou z ocen\u011bn\u00fdch. Pro\u010d se \u010d\u00e1stku spojenou s ocen\u011bn\u00edm rozhodla v\u011bnovat pr\u00e1v\u011b Ramusu, <a href=\"https:\/\/www.eduin.cz\/clanky\/jana-strakova-stav-cele-spolecnosti-zavisi-na-tom-jak-vzdelana-a-kultivovana-je-ta-nejmene-vzdelana-cast-populace\/?fbclid=IwAR3VuG1RdxfHdLsclwjJlnRIK2ylIctlhpyfOAw4D8Bv9McVmxytqiIohdw\">vysv\u011btluje v tomto rozhovoru: <\/a><a href=\"https:\/\/bit.ly\/2WTQEsl\"><br \/><\/a><\/p>\n<p><em>&#8222;Pen\u00edze jsem cht\u011bla v\u011bnovat organizaci, kter\u00e1 vykon\u00e1v\u00e1 \u010dinnost souvisej\u00edc\u00ed se vzd\u011bl\u00e1v\u00e1n\u00edm, a Ramus takovou \u010dinnost bezesporu vykon\u00e1v\u00e1. Organizuje volno\u010dasov\u00e9 aktivity pro mlad\u00e9 lidi s posti\u017een\u00edm a bez posti\u017een\u00ed, \u010d\u00edm\u017e umo\u017e\u0148uje mlad\u00fdm lidem s posti\u017een\u00edm z\u00edskat z\u00e1\u017eitky a zku\u0161enosti v kolektivu vrstevn\u00edk\u016f, kter\u00e9 by jim jinak byly nedostupn\u00e9. Z\u00e1rove\u0148 u\u010d\u00ed mlad\u00e9 lidi bez posti\u017een\u00ed, \u017ee mohou s posti\u017een\u00fdmi vrstevn\u00edky leccos sd\u00edlet a \u017ee mohou \u0159adu v\u011bc\u00ed d\u011blat spolu. A to spolu je zcela z\u00e1sadn\u00ed i pro zm\u00edr\u0148ov\u00e1n\u00ed vzd\u011blanostn\u00edch nerovnost\u00ed.&#8220;<\/em><\/p>\n","protected":false},"excerpt":{"rendered":"<p>Ramus obdr\u017eel v\u00fdznamn\u00fd finan\u010dn\u00ed dar ve v\u00fd\u0161i 100 000 K\u010d od Jany Strakov\u00e9. D\u00cdKY, moc si toho v\u00e1\u017e\u00edme! Jak k tomu do\u0161lo? Na konci ledna byly ud\u011bleny ceny Nadace \u010cesk\u00e9 spo\u0159itelny pro &#8222;hybatele zm\u011bn&#8220; &#8211; a Jana Strakov\u00e1, kter\u00e1 dlouhodob\u011b bojuje za rovnost ve ve\u0159ejn\u00e9m vzd\u011bl\u00e1v\u00e1n\u00ed, byla jednou z ocen\u011bn\u00fdch. Pro\u010d se \u010d\u00e1stku spojenou s &hellip; <a href=\"https:\/\/www.ramus.je\/nejlepsi\/financnidar\/\" class=\"more-link\">Continue reading<span class=\"screen-reader-text\"> &#8222;Finan\u010dn\u00ed dar&#8220;<\/span><\/a><\/p>\n","protected":false},"author":6,"featured_media":0,"comment_status":"open","ping_status":"open","sticky":false,"template":"","format":"standard","meta":{"ngg_post_thumbnail":0,"footnotes":""},"categories":[213],"tags":[],"class_list":["post-3375","post","type-post","status-publish","format-standard","hentry","category-novinky"],"_links":{"self":[{"href":"https:\/\/www.ramus.je\/nejlepsi\/wp-json\/wp\/v2\/posts\/3375","targetHints":{"allow":["GET"]}}],"collection":[{"href":"https:\/\/www.ramus.je\/nejlepsi\/wp-json\/wp\/v2\/posts"}],"about":[{"href":"https:\/\/www.ramus.je\/nejlepsi\/wp-json\/wp\/v2\/types\/post"}],"author":[{"embeddable":true,"href":"https:\/\/www.ramus.je\/nejlepsi\/wp-json\/wp\/v2\/users\/6"}],"replies":[{"embeddable":true,"href":"https:\/\/www.ramus.je\/nejlepsi\/wp-json\/wp\/v2\/comments?post=3375"}],"version-history":[{"count":0,"href":"https:\/\/www.ramus.je\/nejlepsi\/wp-json\/wp\/v2\/posts\/3375\/revisions"}],"wp:attachment":[{"href":"https:\/\/www.ramus.je\/nejlepsi\/wp-json\/wp\/v2\/media?parent=3375"}],"wp:term":[{"taxonomy":"category","embeddable":true,"href":"https:\/\/www.ramus.je\/nejlepsi\/wp-json\/wp\/v2\/categories?post=3375"},{"taxonomy":"post_tag","embeddable":true,"href":"https:\/\/www.ramus.je\/nejlepsi\/wp-json\/wp\/v2\/tags?post=3375"}],"curies":[{"name":"wp","href":"https:\/\/api.w.org\/{rel}","templated":true}]}}