{"id":3372,"date":"2019-01-19T20:54:47","date_gmt":"2019-01-19T19:54:47","guid":{"rendered":"https:\/\/www.ramus.je\/web\/akcnileden\/"},"modified":"2019-01-19T20:54:47","modified_gmt":"2019-01-19T19:54:47","slug":"akcnileden","status":"publish","type":"post","link":"https:\/\/www.ramus.je\/nejlepsi\/akcnileden\/","title":{"rendered":"Ak\u010dn\u00ed leden"},"content":{"rendered":"<p>Z\u00e1v\u011br ledna n\u00e1m ne\u010dekan\u011b nakynul o dal\u0161\u00ed akci. Krom\u011b zm\u00edn\u011bn\u00e9 drsn\u00e9 v\u00edkendovky a dvou Humr\u016f (viz <a href=\"http:\/\/www.ramus.je\/humr\">www.ramus.je\/humr<\/a>) se za n\u00e1mi m\u016f\u017eete stavit v sobotu 26. ledna na ob\u011bd! O co jde?<\/p>\n<p>K\u00fdvli jsme na nab\u00eddku od \u017ei\u017ekovsk\u00e9ho infocentra Sal\u00e9 (Orebitsk\u00e1 14) a budeme tam zhruba jednu sobotu do m\u011bs\u00edce va\u0159it vegansk\u00fd ob\u011bd, p\u0159i\u010dem\u017e co vyd\u011bl\u00e1me, p\u016fjde Ramusu! Jup\u00edjej, m\u00e1me z toho velkou radost a douf\u00e1me, \u017ee v\u00e1m bude chutnat.<\/p>\n<p>Jako prvn\u00ed se va\u0159en\u00ed ujaly Ver\u010da s K\u00e1\u010dou a v kulo\u00e1rech se \u0161ept\u00e1 n\u011bco o pe\u010den\u00e9 zelenin\u011b.<\/p>\n<p><img decoding=\"async\" class=\" size-full wp-image-3371\" src=\"https:\/\/www.ramus.je\/nejlepsi\/wp-content\/uploads\/2019\/01\/cover_le_un_19.png\" alt=\"alt\" width=\"500\" srcset=\"https:\/\/www.ramus.je\/nejlepsi\/wp-content\/uploads\/2019\/01\/cover_le_un_19.png 851w, https:\/\/www.ramus.je\/nejlepsi\/wp-content\/uploads\/2019\/01\/cover_le_un_19-300x115.png 300w, https:\/\/www.ramus.je\/nejlepsi\/wp-content\/uploads\/2019\/01\/cover_le_un_19-768x293.png 768w\" sizes=\"(min-width: 960px) 75vw, 100vw\" \/><\/p>\n","protected":false},"excerpt":{"rendered":"<p>Z\u00e1v\u011br ledna n\u00e1m ne\u010dekan\u011b nakynul o dal\u0161\u00ed akci. Krom\u011b zm\u00edn\u011bn\u00e9 drsn\u00e9 v\u00edkendovky a dvou Humr\u016f (viz www.ramus.je\/humr) se za n\u00e1mi m\u016f\u017eete stavit v sobotu 26. ledna na ob\u011bd! O co jde? K\u00fdvli jsme na nab\u00eddku od \u017ei\u017ekovsk\u00e9ho infocentra Sal\u00e9 (Orebitsk\u00e1 14) a budeme tam zhruba jednu sobotu do m\u011bs\u00edce va\u0159it vegansk\u00fd ob\u011bd, p\u0159i\u010dem\u017e co vyd\u011bl\u00e1me, &hellip; <a href=\"https:\/\/www.ramus.je\/nejlepsi\/akcnileden\/\" class=\"more-link\">Continue reading<span class=\"screen-reader-text\"> &#8222;Ak\u010dn\u00ed leden&#8220;<\/span><\/a><\/p>\n","protected":false},"author":6,"featured_media":3370,"comment_status":"open","ping_status":"open","sticky":false,"template":"","format":"standard","meta":{"ngg_post_thumbnail":0,"footnotes":""},"categories":[213],"tags":[],"class_list":["post-3372","post","type-post","status-publish","format-standard","has-post-thumbnail","hentry","category-novinky"],"_links":{"self":[{"href":"https:\/\/www.ramus.je\/nejlepsi\/wp-json\/wp\/v2\/posts\/3372","targetHints":{"allow":["GET"]}}],"collection":[{"href":"https:\/\/www.ramus.je\/nejlepsi\/wp-json\/wp\/v2\/posts"}],"about":[{"href":"https:\/\/www.ramus.je\/nejlepsi\/wp-json\/wp\/v2\/types\/post"}],"author":[{"embeddable":true,"href":"https:\/\/www.ramus.je\/nejlepsi\/wp-json\/wp\/v2\/users\/6"}],"replies":[{"embeddable":true,"href":"https:\/\/www.ramus.je\/nejlepsi\/wp-json\/wp\/v2\/comments?post=3372"}],"version-history":[{"count":0,"href":"https:\/\/www.ramus.je\/nejlepsi\/wp-json\/wp\/v2\/posts\/3372\/revisions"}],"wp:featuredmedia":[{"embeddable":true,"href":"https:\/\/www.ramus.je\/nejlepsi\/wp-json\/wp\/v2\/media\/3370"}],"wp:attachment":[{"href":"https:\/\/www.ramus.je\/nejlepsi\/wp-json\/wp\/v2\/media?parent=3372"}],"wp:term":[{"taxonomy":"category","embeddable":true,"href":"https:\/\/www.ramus.je\/nejlepsi\/wp-json\/wp\/v2\/categories?post=3372"},{"taxonomy":"post_tag","embeddable":true,"href":"https:\/\/www.ramus.je\/nejlepsi\/wp-json\/wp\/v2\/tags?post=3372"}],"curies":[{"name":"wp","href":"https:\/\/api.w.org\/{rel}","templated":true}]}}