{"id":3364,"date":"2019-01-14T00:00:00","date_gmt":"2019-01-13T23:00:00","guid":{"rendered":"https:\/\/www.ramus.je\/web\/podporujem\/"},"modified":"2019-01-14T00:00:00","modified_gmt":"2019-01-13T23:00:00","slug":"podporujem","status":"publish","type":"post","link":"https:\/\/www.ramus.je\/nejlepsi\/podporujem\/","title":{"rendered":"Podporujem"},"content":{"rendered":"<p>Ramus podporuje <strong>Autonomn\u00ed soci\u00e1ln\u00ed centrum Klinika<\/strong> ji\u017e od listopadu 2014 a nic na tom nem\u011bn\u00ed ani aktu\u00e1ln\u00ed vykl\u00edzec\u00ed v\u00fdvoj. Na Klinice jsme po\u0159\u00e1dali n\u011bkolik akc\u00ed, jednou zde dokonce za\u010dala na\u0161e v\u00edkendovka a na Klinice jsme v po\u010dtu zhruba \u010dty\u0159iceti lid\u00ed p\u0159esp\u00e1vali. Pro\u010d Kliniku podporujeme?<\/p>\n<p>Krom\u011b toho, \u017ee podobn\u00e9 centrum v Praze chyb\u00ed, a krom\u011b toho, \u017ee cel\u00fd projekt upozor\u0148uje na nesmysln\u00fd stav podobn\u011b ch\u00e1traj\u00edc\u00edch a nevyu\u017eit\u00fdch budov po cel\u00e9 Praze, p\u0159edev\u0161\u00edm sympatizujeme s modelem financov\u00e1n\u00ed, na kter\u00e9m Klinika stoj\u00ed: Klinika, stejn\u011b jako Ramus, nevyu\u017e\u00edv\u00e1 granty ani dotace. K \u010demu je to dobr\u00e9?<\/p>\n<p>Nevyu\u017e\u00edv\u00e1n\u00ed grant\u016f a dotac\u00ed n\u00e1m (i Klinice) dovoluje j\u00edt jin\u00fdmi cestami a zaji\u0161\u0165uje naprostou svobodu v tom, co a jak budeme d\u011blat. Nikdo z\u00e1rove\u0148 netvrd\u00ed, \u017ee cesta bez grant\u016f a dotac\u00ed je n\u011bjak lep\u0161\u00ed \u2013 naopak ch\u00e1peme a v\u00edme, \u017ee v\u011bt\u0161ina organizac\u00ed by bez zm\u00edn\u011bn\u00fdch finan\u010dn\u00edch zdroj\u016f nep\u0159e\u017eila a nemohla vykon\u00e1vat svoji \u010dinnost.<\/p>\n<p>Je to jen cesta JIN\u00c1. N\u011bkdy pohodov\u00e1, n\u011bkdy strm\u00e1, v\u017edycky inspirativn\u00ed. Jsme p\u0159esv\u011bd\u010deni, \u017ee ka\u017ed\u00e1 spole\u010dnost tyto uk\u00e1zky JIN\u00ddCH cest pot\u0159ebuje a jsou pro ni prosp\u011b\u0161n\u00e9. Aneb jak prav\u00ed zn\u00e1m\u00e9 po\u0159ekadlo: r\u016f\u017ee maj\u00ed trny, demokracie m\u00e1 squaty\u2026<\/p>\n","protected":false},"excerpt":{"rendered":"<p>Ramus podporuje Autonomn\u00ed soci\u00e1ln\u00ed centrum Klinika ji\u017e od listopadu 2014 a nic na tom nem\u011bn\u00ed ani aktu\u00e1ln\u00ed vykl\u00edzec\u00ed v\u00fdvoj. Na Klinice jsme po\u0159\u00e1dali n\u011bkolik akc\u00ed, jednou zde dokonce za\u010dala na\u0161e v\u00edkendovka a na Klinice jsme v po\u010dtu zhruba \u010dty\u0159iceti lid\u00ed p\u0159esp\u00e1vali. Pro\u010d Kliniku podporujeme? Krom\u011b toho, \u017ee podobn\u00e9 centrum v Praze chyb\u00ed, a krom\u011b toho, &hellip; <a href=\"https:\/\/www.ramus.je\/nejlepsi\/podporujem\/\" class=\"more-link\">Continue reading<span class=\"screen-reader-text\"> &#8222;Podporujem&#8220;<\/span><\/a><\/p>\n","protected":false},"author":6,"featured_media":0,"comment_status":"open","ping_status":"open","sticky":false,"template":"","format":"standard","meta":{"ngg_post_thumbnail":0,"footnotes":""},"categories":[213],"tags":[],"class_list":["post-3364","post","type-post","status-publish","format-standard","hentry","category-novinky"],"_links":{"self":[{"href":"https:\/\/www.ramus.je\/nejlepsi\/wp-json\/wp\/v2\/posts\/3364","targetHints":{"allow":["GET"]}}],"collection":[{"href":"https:\/\/www.ramus.je\/nejlepsi\/wp-json\/wp\/v2\/posts"}],"about":[{"href":"https:\/\/www.ramus.je\/nejlepsi\/wp-json\/wp\/v2\/types\/post"}],"author":[{"embeddable":true,"href":"https:\/\/www.ramus.je\/nejlepsi\/wp-json\/wp\/v2\/users\/6"}],"replies":[{"embeddable":true,"href":"https:\/\/www.ramus.je\/nejlepsi\/wp-json\/wp\/v2\/comments?post=3364"}],"version-history":[{"count":0,"href":"https:\/\/www.ramus.je\/nejlepsi\/wp-json\/wp\/v2\/posts\/3364\/revisions"}],"wp:attachment":[{"href":"https:\/\/www.ramus.je\/nejlepsi\/wp-json\/wp\/v2\/media?parent=3364"}],"wp:term":[{"taxonomy":"category","embeddable":true,"href":"https:\/\/www.ramus.je\/nejlepsi\/wp-json\/wp\/v2\/categories?post=3364"},{"taxonomy":"post_tag","embeddable":true,"href":"https:\/\/www.ramus.je\/nejlepsi\/wp-json\/wp\/v2\/tags?post=3364"}],"curies":[{"name":"wp","href":"https:\/\/api.w.org\/{rel}","templated":true}]}}