{"id":3351,"date":"2018-12-29T19:04:25","date_gmt":"2018-12-29T18:04:25","guid":{"rendered":"https:\/\/www.ramus.je\/web\/djramusapeef\/"},"modified":"2018-12-29T19:04:25","modified_gmt":"2018-12-29T18:04:25","slug":"djramusapeef","status":"publish","type":"post","link":"https:\/\/www.ramus.je\/nejlepsi\/djramusapeef\/","title":{"rendered":"DJ Ramus a P\u00e9 Ef"},"content":{"rendered":"<p>Do \u010dtve\u0159ice v\u0161eho dobr\u00e9ho zakon\u010dujeme p\u0159\u00edval fotek par\u00e1dn\u00ed galeri\u00ed z prosincov\u00e9ho HUMRu, na kter\u00e9m jsme se u\u010dili s gramcem! <strong><a href=\"http:\/\/www.ramus.je\/nejlepsi\/index.php\/archiv\/galerie\/category\/222-dj-humr-prosinec-18\">Tady.<\/a><\/strong><\/p>\n<p>Za skv\u011bl\u00fd fotky d\u011bkujeme Jon\u00e1\u0161ovi &#8211; <a href=\"https:\/\/www.instagram.com\/tom213braider\/\">instagram.com\/tom213braider<\/a>. Natolik n\u00e1m u\u010darovaly, \u017ee jsme z jedn\u00e9 z nich uva\u0159ili rovnou i p\u00e9efko. Tak pic a dal\u0161\u00ed p\u0159\u00edsp\u011bvek fakt a\u017e v lednu 2019&#8230;<\/p>\n<p><img decoding=\"async\" class=\" size-full wp-image-3350\" src=\"https:\/\/www.ramus.je\/nejlepsi\/wp-content\/uploads\/2018\/12\/ramus_pf_2019.png\" alt=\"alt\" width=\"400\" srcset=\"https:\/\/www.ramus.je\/nejlepsi\/wp-content\/uploads\/2018\/12\/ramus_pf_2019.png 900w, https:\/\/www.ramus.je\/nejlepsi\/wp-content\/uploads\/2018\/12\/ramus_pf_2019-212x300.png 212w, https:\/\/www.ramus.je\/nejlepsi\/wp-content\/uploads\/2018\/12\/ramus_pf_2019-724x1024.png 724w, https:\/\/www.ramus.je\/nejlepsi\/wp-content\/uploads\/2018\/12\/ramus_pf_2019-768x1086.png 768w\" sizes=\"(min-width: 960px) 75vw, 100vw\" \/><\/p>\n","protected":false},"excerpt":{"rendered":"<p>Do \u010dtve\u0159ice v\u0161eho dobr\u00e9ho zakon\u010dujeme p\u0159\u00edval fotek par\u00e1dn\u00ed galeri\u00ed z prosincov\u00e9ho HUMRu, na kter\u00e9m jsme se u\u010dili s gramcem! Tady. Za skv\u011bl\u00fd fotky d\u011bkujeme Jon\u00e1\u0161ovi &#8211; instagram.com\/tom213braider. Natolik n\u00e1m u\u010darovaly, \u017ee jsme z jedn\u00e9 z nich uva\u0159ili rovnou i p\u00e9efko. Tak pic a dal\u0161\u00ed p\u0159\u00edsp\u011bvek fakt a\u017e v lednu 2019&#8230;<\/p>\n","protected":false},"author":6,"featured_media":3349,"comment_status":"open","ping_status":"open","sticky":false,"template":"","format":"standard","meta":{"ngg_post_thumbnail":0,"footnotes":""},"categories":[213],"tags":[],"class_list":["post-3351","post","type-post","status-publish","format-standard","has-post-thumbnail","hentry","category-novinky"],"_links":{"self":[{"href":"https:\/\/www.ramus.je\/nejlepsi\/wp-json\/wp\/v2\/posts\/3351","targetHints":{"allow":["GET"]}}],"collection":[{"href":"https:\/\/www.ramus.je\/nejlepsi\/wp-json\/wp\/v2\/posts"}],"about":[{"href":"https:\/\/www.ramus.je\/nejlepsi\/wp-json\/wp\/v2\/types\/post"}],"author":[{"embeddable":true,"href":"https:\/\/www.ramus.je\/nejlepsi\/wp-json\/wp\/v2\/users\/6"}],"replies":[{"embeddable":true,"href":"https:\/\/www.ramus.je\/nejlepsi\/wp-json\/wp\/v2\/comments?post=3351"}],"version-history":[{"count":0,"href":"https:\/\/www.ramus.je\/nejlepsi\/wp-json\/wp\/v2\/posts\/3351\/revisions"}],"wp:featuredmedia":[{"embeddable":true,"href":"https:\/\/www.ramus.je\/nejlepsi\/wp-json\/wp\/v2\/media\/3349"}],"wp:attachment":[{"href":"https:\/\/www.ramus.je\/nejlepsi\/wp-json\/wp\/v2\/media?parent=3351"}],"wp:term":[{"taxonomy":"category","embeddable":true,"href":"https:\/\/www.ramus.je\/nejlepsi\/wp-json\/wp\/v2\/categories?post=3351"},{"taxonomy":"post_tag","embeddable":true,"href":"https:\/\/www.ramus.je\/nejlepsi\/wp-json\/wp\/v2\/tags?post=3351"}],"curies":[{"name":"wp","href":"https:\/\/api.w.org\/{rel}","templated":true}]}}