{"id":3335,"date":"2018-12-14T10:23:26","date_gmt":"2018-12-14T09:23:26","guid":{"rendered":"https:\/\/www.ramus.je\/web\/virtualniiziva\/"},"modified":"2018-12-14T10:23:26","modified_gmt":"2018-12-14T09:23:26","slug":"virtualniiziva","status":"publish","type":"post","link":"https:\/\/www.ramus.je\/nejlepsi\/virtualniiziva\/","title":{"rendered":"Virtu\u00e1ln\u00ed i \u017eiv\u00e1"},"content":{"rendered":"<p><a href=\"http:\/\/www.ramus.je\/img\/webfotky\/aukce_18.jpg\"><img loading=\"lazy\" decoding=\"async\" class=\" alignright size-full wp-image-3334\" style=\"float: right;\" src=\"https:\/\/www.ramus.je\/nejlepsi\/wp-content\/uploads\/2018\/12\/aukce_18.jpg\" alt=\"alt\" width=\"428\" height=\"174\" \/><\/a>Na\u0161e <a href=\"http:\/\/www.ramus.je\/img\/webfotky\/ramus_aukce_pozvanka_201218.png\">Tich\u00e1 aukce fotek pro Ramus<\/a> se bl\u00ed\u017e\u00ed a tady jsou fotky, o kter\u00e9 se budete moct ve \u010dtvrtek rv\u00e1t.<\/p>\n<p>A proto\u017ee v\u00edme, \u017ee mnoho z v\u00e1s t\u0159eba nedoraz\u00ed (a nebo dorazit v\u016fbec nechce, p\u00e1\u010d jim je sout\u011b\u017eiv\u00e1 krvela\u010dn\u00e1 \u0159e\u017e o fotku na\u017eivo prost\u011b nep\u0159\u00edjemn\u00e1), p\u0159ich\u00e1z\u00edme letos s technickou inovac\u00ed &#8211; virtu\u00e1ln\u00ed tichou aukc\u00ed, pro kterou jsme vy\u010dlenili p\u011bt fotek. O ty se m\u016f\u017eete pr\u00e1t a\u017e do 4. ledna 2019 na t\u00e9to adrese:<a href=\"http:\/\/%20www.ramus.je\/tichaaukce\"> <\/a><a href=\"http:\/\/www.ramus.je\/tichaaukce\">www.ramus.je\/tichaaukce<\/a><\/p>\n<p>P\u0159ejeme p\u0159\u00edjemn\u00e9 p\u0159ihazov\u00e1n\u00ed, a\u0165 ji\u017e virtu\u00e1ln\u00ed, \u010di \u017eiv\u00e9 ve \u010dtvrtek .)<\/p>\n","protected":false},"excerpt":{"rendered":"<p>Na\u0161e Tich\u00e1 aukce fotek pro Ramus se bl\u00ed\u017e\u00ed a tady jsou fotky, o kter\u00e9 se budete moct ve \u010dtvrtek rv\u00e1t. A proto\u017ee v\u00edme, \u017ee mnoho z v\u00e1s t\u0159eba nedoraz\u00ed (a nebo dorazit v\u016fbec nechce, p\u00e1\u010d jim je sout\u011b\u017eiv\u00e1 krvela\u010dn\u00e1 \u0159e\u017e o fotku na\u017eivo prost\u011b nep\u0159\u00edjemn\u00e1), p\u0159ich\u00e1z\u00edme letos s technickou inovac\u00ed &#8211; virtu\u00e1ln\u00ed tichou aukc\u00ed, pro &hellip; <a href=\"https:\/\/www.ramus.je\/nejlepsi\/virtualniiziva\/\" class=\"more-link\">Continue reading<span class=\"screen-reader-text\"> &#8222;Virtu\u00e1ln\u00ed i \u017eiv\u00e1&#8220;<\/span><\/a><\/p>\n","protected":false},"author":6,"featured_media":3333,"comment_status":"open","ping_status":"open","sticky":false,"template":"","format":"standard","meta":{"ngg_post_thumbnail":0,"footnotes":""},"categories":[213],"tags":[],"class_list":["post-3335","post","type-post","status-publish","format-standard","has-post-thumbnail","hentry","category-novinky"],"_links":{"self":[{"href":"https:\/\/www.ramus.je\/nejlepsi\/wp-json\/wp\/v2\/posts\/3335","targetHints":{"allow":["GET"]}}],"collection":[{"href":"https:\/\/www.ramus.je\/nejlepsi\/wp-json\/wp\/v2\/posts"}],"about":[{"href":"https:\/\/www.ramus.je\/nejlepsi\/wp-json\/wp\/v2\/types\/post"}],"author":[{"embeddable":true,"href":"https:\/\/www.ramus.je\/nejlepsi\/wp-json\/wp\/v2\/users\/6"}],"replies":[{"embeddable":true,"href":"https:\/\/www.ramus.je\/nejlepsi\/wp-json\/wp\/v2\/comments?post=3335"}],"version-history":[{"count":0,"href":"https:\/\/www.ramus.je\/nejlepsi\/wp-json\/wp\/v2\/posts\/3335\/revisions"}],"wp:featuredmedia":[{"embeddable":true,"href":"https:\/\/www.ramus.je\/nejlepsi\/wp-json\/wp\/v2\/media\/3333"}],"wp:attachment":[{"href":"https:\/\/www.ramus.je\/nejlepsi\/wp-json\/wp\/v2\/media?parent=3335"}],"wp:term":[{"taxonomy":"category","embeddable":true,"href":"https:\/\/www.ramus.je\/nejlepsi\/wp-json\/wp\/v2\/categories?post=3335"},{"taxonomy":"post_tag","embeddable":true,"href":"https:\/\/www.ramus.je\/nejlepsi\/wp-json\/wp\/v2\/tags?post=3335"}],"curies":[{"name":"wp","href":"https:\/\/api.w.org\/{rel}","templated":true}]}}