{"id":3311,"date":"2018-12-02T10:10:38","date_gmt":"2018-12-02T09:10:38","guid":{"rendered":"https:\/\/www.ramus.je\/web\/sinslavy\/"},"modified":"2018-12-02T10:10:38","modified_gmt":"2018-12-02T09:10:38","slug":"sinslavy","status":"publish","type":"post","link":"https:\/\/www.ramus.je\/nejlepsi\/sinslavy\/","title":{"rendered":"Bu\u010f v s\u00edni sl\u00e1vy!"},"content":{"rendered":"<p><a href=\"https:\/\/www.ramus.je\/nejlepsi\/wp-content\/uploads\/2018\/12\/ramus_aukce_pozvanka_201218.png\"><img decoding=\"async\" class=\" alignright size-full wp-image-3309\" style=\"float: right;\" src=\"https:\/\/www.ramus.je\/nejlepsi\/wp-content\/uploads\/2018\/12\/ramus_aukce_pozvanka_201218.png\" alt=\"alt\" width=\"300\" srcset=\"https:\/\/www.ramus.je\/nejlepsi\/wp-content\/uploads\/2018\/12\/ramus_aukce_pozvanka_201218.png 900w, https:\/\/www.ramus.je\/nejlepsi\/wp-content\/uploads\/2018\/12\/ramus_aukce_pozvanka_201218-213x300.png 213w, https:\/\/www.ramus.je\/nejlepsi\/wp-content\/uploads\/2018\/12\/ramus_aukce_pozvanka_201218-727x1024.png 727w, https:\/\/www.ramus.je\/nejlepsi\/wp-content\/uploads\/2018\/12\/ramus_aukce_pozvanka_201218-768x1082.png 768w\" sizes=\"(min-width: 960px) 75vw, 100vw\" \/><\/a><\/p>\n<p>Te\u010f se poznaj\u00ed opravdov\u00ed fandov\u00e9 Ramusu. Ke konci roku n\u00e1s \u010dekaj\u00ed je\u0161t\u011b dv\u011b akce pro ve\u0159ejnost a aby se to l\u00edp pamatovalo, ud\u011bj\u00ed se v rozmez\u00ed dvou dn\u00ed.<\/p>\n<p>Ve \u010dtvrtek 20. prosince bude ve FOTOGRAF GALLERY stejn\u011b jako minul\u00fd rok Tich\u00e1 aukce fotek pro Ramus. O co jde? <a href=\"https:\/\/www.ramus.je\/nejlepsi\/wp-content\/uploads\/2018\/12\/ramus_aukce_pozvanka_201218.png\">Mrkn\u011bte na let\u00e1k<\/a>!<\/p>\n<p>Hned druh\u00fd den, tedy v p\u00e1tek 21. prosince, se budeme veselit v Z\u00e1zem\u00ed. \u010cek\u00e1 v\u00e1s bohat\u00fd hudebn\u00ed program a nov\u00fd (i star\u00fd) ramus\u00ed merch.<\/p>\n<p>Kdo poskytne d\u016fkaz, \u017ee absolvoval ob\u011b akce, vstoup\u00ed do ramus\u00ed s\u00edn\u011b sl\u00e1vy!<\/p>\n","protected":false},"excerpt":{"rendered":"<p>Te\u010f se poznaj\u00ed opravdov\u00ed fandov\u00e9 Ramusu. Ke konci roku n\u00e1s \u010dekaj\u00ed je\u0161t\u011b dv\u011b akce pro ve\u0159ejnost a aby se to l\u00edp pamatovalo, ud\u011bj\u00ed se v rozmez\u00ed dvou dn\u00ed. Ve \u010dtvrtek 20. prosince bude ve FOTOGRAF GALLERY stejn\u011b jako minul\u00fd rok Tich\u00e1 aukce fotek pro Ramus. O co jde? Mrkn\u011bte na let\u00e1k! Hned druh\u00fd den, tedy &hellip; <a href=\"https:\/\/www.ramus.je\/nejlepsi\/sinslavy\/\" class=\"more-link\">Continue reading<span class=\"screen-reader-text\"> &#8222;Bu\u010f v s\u00edni sl\u00e1vy!&#8220;<\/span><\/a><\/p>\n","protected":false},"author":6,"featured_media":3308,"comment_status":"open","ping_status":"open","sticky":false,"template":"","format":"standard","meta":{"ngg_post_thumbnail":0,"footnotes":""},"categories":[213],"tags":[],"class_list":["post-3311","post","type-post","status-publish","format-standard","has-post-thumbnail","hentry","category-novinky"],"_links":{"self":[{"href":"https:\/\/www.ramus.je\/nejlepsi\/wp-json\/wp\/v2\/posts\/3311","targetHints":{"allow":["GET"]}}],"collection":[{"href":"https:\/\/www.ramus.je\/nejlepsi\/wp-json\/wp\/v2\/posts"}],"about":[{"href":"https:\/\/www.ramus.je\/nejlepsi\/wp-json\/wp\/v2\/types\/post"}],"author":[{"embeddable":true,"href":"https:\/\/www.ramus.je\/nejlepsi\/wp-json\/wp\/v2\/users\/6"}],"replies":[{"embeddable":true,"href":"https:\/\/www.ramus.je\/nejlepsi\/wp-json\/wp\/v2\/comments?post=3311"}],"version-history":[{"count":0,"href":"https:\/\/www.ramus.je\/nejlepsi\/wp-json\/wp\/v2\/posts\/3311\/revisions"}],"wp:featuredmedia":[{"embeddable":true,"href":"https:\/\/www.ramus.je\/nejlepsi\/wp-json\/wp\/v2\/media\/3308"}],"wp:attachment":[{"href":"https:\/\/www.ramus.je\/nejlepsi\/wp-json\/wp\/v2\/media?parent=3311"}],"wp:term":[{"taxonomy":"category","embeddable":true,"href":"https:\/\/www.ramus.je\/nejlepsi\/wp-json\/wp\/v2\/categories?post=3311"},{"taxonomy":"post_tag","embeddable":true,"href":"https:\/\/www.ramus.je\/nejlepsi\/wp-json\/wp\/v2\/tags?post=3311"}],"curies":[{"name":"wp","href":"https:\/\/api.w.org\/{rel}","templated":true}]}}