{"id":3282,"date":"2018-11-04T14:35:10","date_gmt":"2018-11-04T13:35:10","guid":{"rendered":"https:\/\/www.ramus.je\/web\/drsnakulturni\/"},"modified":"2018-11-04T14:35:10","modified_gmt":"2018-11-04T13:35:10","slug":"drsnakulturni","status":"publish","type":"post","link":"https:\/\/www.ramus.je\/nejlepsi\/drsnakulturni\/","title":{"rendered":"Drsn\u00e1 kulturn\u00ed"},"content":{"rendered":"<p><em><a href=\"http:\/\/www.ramus.je\/nejlepsi\/index.php\/archiv\/galerie\/category\/216-2018-11-04-14-22-57\"><img decoding=\"async\" style=\"float: right;\" src=\"http:\/\/www.ramus.je\/nejlepsi\/images\/phocagallery\/2018\/041118_kutna_hora\/thumbs\/phoca_thumb_l_IMG_0203.JPG\" alt=\"alt\" width=\"300\" \/><\/a><\/em>P\u0159ed t\u00fddnem jsme se vr\u00e1tili z dal\u0161\u00ed drsn\u00e9 v\u00edkendovky. V\u00edce o n\u00ed n\u00e1m napsala na\u0161e zvl\u00e1\u0161tn\u00ed zpravodajka, Karol\u00edna J.:\u00a0<em>Na v\u00edkendovku jsme se tentokr\u00e1t vydali do Kutn\u00e9 hory. Byl to z\u00e1\u017eitek nesm\u00edrn\u011b kulturn\u00ed, vid\u011bli jsme Kostnici a dv\u011b katedr\u00e1ly, bydleli na evangelick\u00e9 fa\u0159e, za\u017eili tam bohoslu\u017eby. A proto\u017ee\u00a0<\/em><em>Ramus, taky jsme vyrobili z jednoho kola osmi\u010dku a pou\u0161t\u011bli muziku a museli nakl\u00e1dat voz\u00edky do vlaku ru\u010dn\u011b, proto\u017ee, sv\u011bte div se, nefungovala plo\u0161ina.<\/em><\/p>\n<p><a href=\"http:\/\/www.ramus.je\/nejlepsi\/index.php\/archiv\/galerie\/category\/216-2018-11-04-14-22-57\">Fotky tu.<\/a><\/p>\n","protected":false},"excerpt":{"rendered":"<p>P\u0159ed t\u00fddnem jsme se vr\u00e1tili z dal\u0161\u00ed drsn\u00e9 v\u00edkendovky. V\u00edce o n\u00ed n\u00e1m napsala na\u0161e zvl\u00e1\u0161tn\u00ed zpravodajka, Karol\u00edna J.:\u00a0Na v\u00edkendovku jsme se tentokr\u00e1t vydali do Kutn\u00e9 hory. Byl to z\u00e1\u017eitek nesm\u00edrn\u011b kulturn\u00ed, vid\u011bli jsme Kostnici a dv\u011b katedr\u00e1ly, bydleli na evangelick\u00e9 fa\u0159e, za\u017eili tam bohoslu\u017eby. A proto\u017ee\u00a0Ramus, taky jsme vyrobili z jednoho kola osmi\u010dku a &hellip; <a href=\"https:\/\/www.ramus.je\/nejlepsi\/drsnakulturni\/\" class=\"more-link\">Continue reading<span class=\"screen-reader-text\"> &#8222;Drsn\u00e1 kulturn\u00ed&#8220;<\/span><\/a><\/p>\n","protected":false},"author":6,"featured_media":0,"comment_status":"open","ping_status":"open","sticky":false,"template":"","format":"standard","meta":{"ngg_post_thumbnail":0,"footnotes":""},"categories":[213],"tags":[],"class_list":["post-3282","post","type-post","status-publish","format-standard","hentry","category-novinky"],"_links":{"self":[{"href":"https:\/\/www.ramus.je\/nejlepsi\/wp-json\/wp\/v2\/posts\/3282","targetHints":{"allow":["GET"]}}],"collection":[{"href":"https:\/\/www.ramus.je\/nejlepsi\/wp-json\/wp\/v2\/posts"}],"about":[{"href":"https:\/\/www.ramus.je\/nejlepsi\/wp-json\/wp\/v2\/types\/post"}],"author":[{"embeddable":true,"href":"https:\/\/www.ramus.je\/nejlepsi\/wp-json\/wp\/v2\/users\/6"}],"replies":[{"embeddable":true,"href":"https:\/\/www.ramus.je\/nejlepsi\/wp-json\/wp\/v2\/comments?post=3282"}],"version-history":[{"count":0,"href":"https:\/\/www.ramus.je\/nejlepsi\/wp-json\/wp\/v2\/posts\/3282\/revisions"}],"wp:attachment":[{"href":"https:\/\/www.ramus.je\/nejlepsi\/wp-json\/wp\/v2\/media?parent=3282"}],"wp:term":[{"taxonomy":"category","embeddable":true,"href":"https:\/\/www.ramus.je\/nejlepsi\/wp-json\/wp\/v2\/categories?post=3282"},{"taxonomy":"post_tag","embeddable":true,"href":"https:\/\/www.ramus.je\/nejlepsi\/wp-json\/wp\/v2\/tags?post=3282"}],"curies":[{"name":"wp","href":"https:\/\/api.w.org\/{rel}","templated":true}]}}