{"id":3281,"date":"2018-10-20T14:44:38","date_gmt":"2018-10-20T13:44:38","guid":{"rendered":"https:\/\/www.ramus.je\/web\/honzikselouci\/"},"modified":"2018-10-20T14:44:38","modified_gmt":"2018-10-20T13:44:38","slug":"honzikselouci","status":"publish","type":"post","link":"https:\/\/www.ramus.je\/nejlepsi\/honzikselouci\/","title":{"rendered":"Honz\u00edk se lou\u010d\u00ed"},"content":{"rendered":"<p><img decoding=\"async\" class=\" alignright size-full wp-image-3280\" style=\"float: right;\" src=\"https:\/\/www.ramus.je\/nejlepsi\/wp-content\/uploads\/2018\/10\/honzik_mava_rijen_18.png\" alt=\"alt\" width=\"300\" srcset=\"https:\/\/www.ramus.je\/nejlepsi\/wp-content\/uploads\/2018\/10\/honzik_mava_rijen_18.png 800w, https:\/\/www.ramus.je\/nejlepsi\/wp-content\/uploads\/2018\/10\/honzik_mava_rijen_18-224x300.png 224w, https:\/\/www.ramus.je\/nejlepsi\/wp-content\/uploads\/2018\/10\/honzik_mava_rijen_18-765x1024.png 765w, https:\/\/www.ramus.je\/nejlepsi\/wp-content\/uploads\/2018\/10\/honzik_mava_rijen_18-768x1028.png 768w\" sizes=\"(min-width: 960px) 75vw, 100vw\" \/>Po mnoha letech \u0159editelov\u00e1n\u00ed opou\u0161t\u00ed Ramus jeden z jeho zakladatel\u016f, Jan Rudolf. Honz\u00edk napsal p\u00e1r slov tady do p\u0159\u00edsp\u011bvk\u016f, ale aby tato zpr\u00e1va nikomu neunikla, sd\u00edl\u00edme ji pro jistotu s doprovodnou momentkou z &#8222;rozlu\u010dky&#8220; ofici\u00e1ln\u011b i zde. Honz\u00edk n\u00e1m m\u00e1v\u00e1, Ramus d\u011bkuje!<\/p>\n<p><em>Draz\u00ed p\u0159\u00e1tel\u00e9 Ramusu, po p\u011bti letech \u0159editelov\u00e1n\u00ed a p\u0159edsedov\u00e1n\u00ed jsem se rozhodl svoji pozici p\u0159edat d\u00e1l mlad\u0161\u00edm a schopn\u011bj\u0161\u00edm. Kdy\u017e se p\u0159ed dev\u00edti lety Ramus zakl\u00e1dal, nem\u011bl jsem ani trochu tu\u0161en\u00ed, kam a\u017e n\u00e1s to v\u0161echny dostane a jak n\u00e1m zm\u011bn\u00ed \u017eivot.<\/em><\/p>\n<p><em>N\u011bkdo si d\u00edky Ramusu na\u0161el pr\u00e1ci, n\u011bkdo si na\u0161el man\u017eelku nebo man\u017eela, n\u011bkdo uk\u00e1zkov\u00e9 video pro kurzy fundraisingu, jin\u00ed si prost\u011b u\u017eili spoustu z\u00e1bavy, jin\u00fdm snad pomohl vy\u0159e\u0161it osobn\u00ed trable. N\u011bkomu pomohl naj\u00edt si voln\u00fd \u010das na sebe nebo nov\u00e9 p\u0159\u00e1tele.<\/em><\/p>\n<p><em>Douf\u00e1m, \u017ee jsem alespo\u0148 tro\u0161ku p\u0159isp\u011bl k tomu, aby se v\u00fd\u0161e zm\u00edn\u011bn\u00e9 mohlo st\u00e1t a za tu mo\u017enost bych v\u00e1m cht\u011bl v\u0161em pod\u011bkovat. D\u00edky rodi\u010d\u016fm na\u0161ich klient\u016f, \u017ee byli a jsou tak shov\u00edvav\u00ed (n\u011bkomu taky Ramus zni\u010dil vozejk, n\u011bkomu ztr\u00e1c\u00ed pravideln\u011b oble\u010den\u00ed,\u2026). D\u00edky v\u0161em na\u0161im p\u0159isp\u011bvatel\u016fm a podporovatel\u016fm, \u017ee jsme nikdy nemuseli \u0159e\u0161it granty a p\u0159esto m\u00edt finan\u010dn\u00ed rezervu. D\u00edky asistent\u016fm a klient\u016fm za nespo\u010detn\u00e9 hodiny z\u00e1bavy. D\u00edky v\u0161em, kdo v Ramusu pracuj\u00ed za to, jak pracuj\u00ed za mizern\u00fd pen\u00edze.<\/em><\/p>\n<p><em>D\u00edky v\u00e1m v\u0161em, \u017ee Ramus.je<\/em><\/p>\n<p><em>Odch\u00e1zen\u00ed by bylo o to t\u011b\u017e\u0161\u00ed, kdyby po m\u011b pozici nep\u0159evzala ost\u0159\u00edlen\u00e1 Ramusa\u010dka Marta P\u00edchov\u00e1. Takhle v\u00e1m m\u016f\u017eu \u0159\u00edct, \u017ee Ramus.bude a bude to velk\u00fd.<\/em><\/p>\n<p><em>Honza Rudolf<\/em><\/p>\n","protected":false},"excerpt":{"rendered":"<p>Po mnoha letech \u0159editelov\u00e1n\u00ed opou\u0161t\u00ed Ramus jeden z jeho zakladatel\u016f, Jan Rudolf. Honz\u00edk napsal p\u00e1r slov tady do p\u0159\u00edsp\u011bvk\u016f, ale aby tato zpr\u00e1va nikomu neunikla, sd\u00edl\u00edme ji pro jistotu s doprovodnou momentkou z &#8222;rozlu\u010dky&#8220; ofici\u00e1ln\u011b i zde. Honz\u00edk n\u00e1m m\u00e1v\u00e1, Ramus d\u011bkuje! Draz\u00ed p\u0159\u00e1tel\u00e9 Ramusu, po p\u011bti letech \u0159editelov\u00e1n\u00ed a p\u0159edsedov\u00e1n\u00ed jsem se rozhodl svoji &hellip; <a href=\"https:\/\/www.ramus.je\/nejlepsi\/honzikselouci\/\" class=\"more-link\">Continue reading<span class=\"screen-reader-text\"> &#8222;Honz\u00edk se lou\u010d\u00ed&#8220;<\/span><\/a><\/p>\n","protected":false},"author":6,"featured_media":3279,"comment_status":"open","ping_status":"open","sticky":false,"template":"","format":"standard","meta":{"ngg_post_thumbnail":0,"footnotes":""},"categories":[213],"tags":[],"class_list":["post-3281","post","type-post","status-publish","format-standard","has-post-thumbnail","hentry","category-novinky"],"_links":{"self":[{"href":"https:\/\/www.ramus.je\/nejlepsi\/wp-json\/wp\/v2\/posts\/3281","targetHints":{"allow":["GET"]}}],"collection":[{"href":"https:\/\/www.ramus.je\/nejlepsi\/wp-json\/wp\/v2\/posts"}],"about":[{"href":"https:\/\/www.ramus.je\/nejlepsi\/wp-json\/wp\/v2\/types\/post"}],"author":[{"embeddable":true,"href":"https:\/\/www.ramus.je\/nejlepsi\/wp-json\/wp\/v2\/users\/6"}],"replies":[{"embeddable":true,"href":"https:\/\/www.ramus.je\/nejlepsi\/wp-json\/wp\/v2\/comments?post=3281"}],"version-history":[{"count":0,"href":"https:\/\/www.ramus.je\/nejlepsi\/wp-json\/wp\/v2\/posts\/3281\/revisions"}],"wp:featuredmedia":[{"embeddable":true,"href":"https:\/\/www.ramus.je\/nejlepsi\/wp-json\/wp\/v2\/media\/3279"}],"wp:attachment":[{"href":"https:\/\/www.ramus.je\/nejlepsi\/wp-json\/wp\/v2\/media?parent=3281"}],"wp:term":[{"taxonomy":"category","embeddable":true,"href":"https:\/\/www.ramus.je\/nejlepsi\/wp-json\/wp\/v2\/categories?post=3281"},{"taxonomy":"post_tag","embeddable":true,"href":"https:\/\/www.ramus.je\/nejlepsi\/wp-json\/wp\/v2\/tags?post=3281"}],"curies":[{"name":"wp","href":"https:\/\/api.w.org\/{rel}","templated":true}]}}