{"id":3220,"date":"2018-06-07T08:37:36","date_gmt":"2018-06-07T07:37:36","guid":{"rendered":"https:\/\/www.ramus.je\/web\/vysledky-ramatonu-2018\/"},"modified":"2018-06-07T08:37:36","modified_gmt":"2018-06-07T07:37:36","slug":"vysledky-ramatonu-2018","status":"publish","type":"post","link":"https:\/\/www.ramus.je\/nejlepsi\/vysledky-ramatonu-2018\/","title":{"rendered":"V\u00fdsledky Ramatonu 2018"},"content":{"rendered":"<p><a href=\"http:\/\/www.ramus.je\/pruhledny\/ramaton_18_ucto.png\"><strong><img decoding=\"async\" src=\"http:\/\/www.ramus.je\/pruhledny\/ramaton_18_ucto.png\" alt=\"alt\" width=\"300\" \/><\/strong><\/a>Finan\u010dn\u00ed v\u00fdsledky Ramatonu 2018 jsou tady! Ne\u017e v\u00e1m je v\u0161ak sd\u011bl\u00edme, r\u00e1di bychom pod\u011bkovali\u2026<\/p>\n<p>\u2014 v\u00e1m v\u0161em, kdo jste b\u011b\u017eeli<br \/>\u2014 Krist\u00fdn\u011b a Karlovi, kte\u0159\u00ed pro n\u00e1s ji\u017e p\u00e1t\u00fdm rokem Ramaton organizovali<br \/>\u2014 STOPNITO za dlouhodob\u011b skv\u011blou spolupr\u00e1ci<br \/>\u2014 v\u0161em lidem z Ramusu, kte\u0159\u00ed si dali slu\u0161n\u00fd z\u00e1p\u0159ah na registraci, \u0161atn\u011b \u010di baru<br \/>\u2014 kapele Kohout\u00ed stopa a DJ Czendovi<br \/>\u2014 V. kolon\u011b za zap\u016fj\u010den\u00ed techniky, YMCA za vst\u0159\u00edcn\u00e9 p\u016fj\u010den\u00ed stan\u016f<br \/>\u2014 Containallu za kel\u00edmky a pivn\u00ed support<\/p>\n<p>D\u00edky! A te\u010f ty v\u00fdsledky, jo? \u010cist\u00fd v\u00fdnos z Ramatonu 2018 \u010din\u00ed neuv\u011b\u0159iteln\u00fdch <strong>73 726 K\u010d!<\/strong> Koho by zaj\u00edmalo, jak jsme k tomuto \u010d\u00edslu p\u0159esn\u011b dosp\u011bli, nech\u0165 rozklikne obr\u00e1zek vedle \ud83d\ude42<\/p>\n<p>A proto\u017ee z toho m\u00e1me fakt radost, p\u0159id\u00e1v\u00e1me bonusovou historku z cel\u00e9 akce, jej\u00edm\u017e akt\u00e9rem je b\u011b\u017eec Milo\u0161 Nagy. Co se mu stalo? To bylo tak&#8230; Milo\u0161 si leto\u0161n\u00ed trasu Ramatonu omylem zkr\u00e1til a p\u0159esto\u017ee by zab\u011bhl velmi dobr\u00fd \u010das a um\u00edstil by se patrn\u011b v prvn\u00ed des\u00edtce, nam\u00edsto radov\u00e1n\u00ed se z dobr\u00e9ho v\u00fdsledku se Milo\u0161 rozhodl pro n\u011bco zcela jin\u00e9ho: hned po dob\u011bhnut\u00ed po\u017e\u00e1dal kv\u016fli zkr\u00e1cen\u00ed trasy o diskvalifikaci! Pos\u00edl\u00e1me pale\u010dky nahoru!<\/p>\n<p><strong><a href=\"http:\/\/www.ramus.je\/nejlepsi\/index.php\/archiv\/galerie\/category\/208-ramaton18\">Fotky z Ramatonu 2018 najdete tady.<\/a><\/strong><\/p>\n","protected":false},"excerpt":{"rendered":"<p>Finan\u010dn\u00ed v\u00fdsledky Ramatonu 2018 jsou tady! Ne\u017e v\u00e1m je v\u0161ak sd\u011bl\u00edme, r\u00e1di bychom pod\u011bkovali\u2026 \u2014 v\u00e1m v\u0161em, kdo jste b\u011b\u017eeli\u2014 Krist\u00fdn\u011b a Karlovi, kte\u0159\u00ed pro n\u00e1s ji\u017e p\u00e1t\u00fdm rokem Ramaton organizovali\u2014 STOPNITO za dlouhodob\u011b skv\u011blou spolupr\u00e1ci\u2014 v\u0161em lidem z Ramusu, kte\u0159\u00ed si dali slu\u0161n\u00fd z\u00e1p\u0159ah na registraci, \u0161atn\u011b \u010di baru\u2014 kapele Kohout\u00ed stopa a DJ &hellip; <a href=\"https:\/\/www.ramus.je\/nejlepsi\/vysledky-ramatonu-2018\/\" class=\"more-link\">Continue reading<span class=\"screen-reader-text\"> &#8222;V\u00fdsledky Ramatonu 2018&#8220;<\/span><\/a><\/p>\n","protected":false},"author":6,"featured_media":0,"comment_status":"open","ping_status":"open","sticky":false,"template":"","format":"standard","meta":{"ngg_post_thumbnail":0,"footnotes":""},"categories":[213],"tags":[],"class_list":["post-3220","post","type-post","status-publish","format-standard","hentry","category-novinky"],"_links":{"self":[{"href":"https:\/\/www.ramus.je\/nejlepsi\/wp-json\/wp\/v2\/posts\/3220","targetHints":{"allow":["GET"]}}],"collection":[{"href":"https:\/\/www.ramus.je\/nejlepsi\/wp-json\/wp\/v2\/posts"}],"about":[{"href":"https:\/\/www.ramus.je\/nejlepsi\/wp-json\/wp\/v2\/types\/post"}],"author":[{"embeddable":true,"href":"https:\/\/www.ramus.je\/nejlepsi\/wp-json\/wp\/v2\/users\/6"}],"replies":[{"embeddable":true,"href":"https:\/\/www.ramus.je\/nejlepsi\/wp-json\/wp\/v2\/comments?post=3220"}],"version-history":[{"count":0,"href":"https:\/\/www.ramus.je\/nejlepsi\/wp-json\/wp\/v2\/posts\/3220\/revisions"}],"wp:attachment":[{"href":"https:\/\/www.ramus.je\/nejlepsi\/wp-json\/wp\/v2\/media?parent=3220"}],"wp:term":[{"taxonomy":"category","embeddable":true,"href":"https:\/\/www.ramus.je\/nejlepsi\/wp-json\/wp\/v2\/categories?post=3220"},{"taxonomy":"post_tag","embeddable":true,"href":"https:\/\/www.ramus.je\/nejlepsi\/wp-json\/wp\/v2\/tags?post=3220"}],"curies":[{"name":"wp","href":"https:\/\/api.w.org\/{rel}","templated":true}]}}