{"id":3142,"date":"2018-03-20T01:02:01","date_gmt":"2018-03-20T00:02:01","guid":{"rendered":"https:\/\/www.ramus.je\/web\/naplanovanojest\/"},"modified":"2018-03-20T01:02:01","modified_gmt":"2018-03-20T00:02:01","slug":"naplanovanojest","status":"publish","type":"post","link":"https:\/\/www.ramus.je\/nejlepsi\/naplanovanojest\/","title":{"rendered":"Napl\u00e1nov\u00e1no jest"},"content":{"rendered":"<p><a href=\"https:\/\/www.ramus.je\/nejlepsi\/wp-content\/uploads\/2018\/03\/SP_brezen_18.png\"><img decoding=\"async\" class=\" alignright size-full wp-image-3141\" style=\"float: right;\" src=\"https:\/\/www.ramus.je\/nejlepsi\/wp-content\/uploads\/2018\/03\/SP_brezen_18.png\" alt=\"alt\" width=\"300\" srcset=\"https:\/\/www.ramus.je\/nejlepsi\/wp-content\/uploads\/2018\/03\/SP_brezen_18.png 1200w, https:\/\/www.ramus.je\/nejlepsi\/wp-content\/uploads\/2018\/03\/SP_brezen_18-300x197.png 300w, https:\/\/www.ramus.je\/nejlepsi\/wp-content\/uploads\/2018\/03\/SP_brezen_18-1024x673.png 1024w, https:\/\/www.ramus.je\/nejlepsi\/wp-content\/uploads\/2018\/03\/SP_brezen_18-768x505.png 768w, https:\/\/www.ramus.je\/nejlepsi\/wp-content\/uploads\/2018\/03\/SP_brezen_18-120x80.png 120w\" sizes=\"(min-width: 960px) 75vw, 100vw\" \/><\/a>Od p\u00e1tku do ned\u011ble prob\u00edhal v\u00edkend na ramus\u00edm Gigabyt\u011b, paraleln\u011b s t\u00edm se v\u0161ak tak\u00e9 uskute\u010dnilo strategick\u00e9 pl\u00e1nov\u00e1n\u00ed provozn\u00ed skupiny Ramusu.<\/p>\n<p>Probrali jsme co se dalo i nedalo, napl\u00e1novali r\u016f\u017eov\u00e9 z\u00edt\u0159ky a v\u011bnovali se pal\u010div\u00fdm t\u00e9mat\u016fm jako t\u0159eba<em> ramus\u00ed oh\u00e1n\u011bn\u00ed se ml\u00e1d\u00edm VS jeho faktick\u00e9 st\u00e1rnut\u00ed<\/em>.<\/p>\n","protected":false},"excerpt":{"rendered":"<p>Od p\u00e1tku do ned\u011ble prob\u00edhal v\u00edkend na ramus\u00edm Gigabyt\u011b, paraleln\u011b s t\u00edm se v\u0161ak tak\u00e9 uskute\u010dnilo strategick\u00e9 pl\u00e1nov\u00e1n\u00ed provozn\u00ed skupiny Ramusu. Probrali jsme co se dalo i nedalo, napl\u00e1novali r\u016f\u017eov\u00e9 z\u00edt\u0159ky a v\u011bnovali se pal\u010div\u00fdm t\u00e9mat\u016fm jako t\u0159eba ramus\u00ed oh\u00e1n\u011bn\u00ed se ml\u00e1d\u00edm VS jeho faktick\u00e9 st\u00e1rnut\u00ed.<\/p>\n","protected":false},"author":6,"featured_media":3139,"comment_status":"open","ping_status":"open","sticky":false,"template":"","format":"standard","meta":{"ngg_post_thumbnail":0,"footnotes":""},"categories":[213],"tags":[],"class_list":["post-3142","post","type-post","status-publish","format-standard","has-post-thumbnail","hentry","category-novinky"],"_links":{"self":[{"href":"https:\/\/www.ramus.je\/nejlepsi\/wp-json\/wp\/v2\/posts\/3142","targetHints":{"allow":["GET"]}}],"collection":[{"href":"https:\/\/www.ramus.je\/nejlepsi\/wp-json\/wp\/v2\/posts"}],"about":[{"href":"https:\/\/www.ramus.je\/nejlepsi\/wp-json\/wp\/v2\/types\/post"}],"author":[{"embeddable":true,"href":"https:\/\/www.ramus.je\/nejlepsi\/wp-json\/wp\/v2\/users\/6"}],"replies":[{"embeddable":true,"href":"https:\/\/www.ramus.je\/nejlepsi\/wp-json\/wp\/v2\/comments?post=3142"}],"version-history":[{"count":0,"href":"https:\/\/www.ramus.je\/nejlepsi\/wp-json\/wp\/v2\/posts\/3142\/revisions"}],"wp:featuredmedia":[{"embeddable":true,"href":"https:\/\/www.ramus.je\/nejlepsi\/wp-json\/wp\/v2\/media\/3139"}],"wp:attachment":[{"href":"https:\/\/www.ramus.je\/nejlepsi\/wp-json\/wp\/v2\/media?parent=3142"}],"wp:term":[{"taxonomy":"category","embeddable":true,"href":"https:\/\/www.ramus.je\/nejlepsi\/wp-json\/wp\/v2\/categories?post=3142"},{"taxonomy":"post_tag","embeddable":true,"href":"https:\/\/www.ramus.je\/nejlepsi\/wp-json\/wp\/v2\/tags?post=3142"}],"curies":[{"name":"wp","href":"https:\/\/api.w.org\/{rel}","templated":true}]}}