{"id":3112,"date":"2017-12-28T22:02:10","date_gmt":"2017-12-28T21:02:10","guid":{"rendered":"https:\/\/www.ramus.je\/web\/prestedryvecirek\/"},"modified":"2017-12-28T22:02:10","modified_gmt":"2017-12-28T21:02:10","slug":"prestedryvecirek","status":"publish","type":"post","link":"https:\/\/www.ramus.je\/nejlepsi\/prestedryvecirek\/","title":{"rendered":"P\u0159e\u0161t\u011bdr\u00fd ve\u010d\u00edrek"},"content":{"rendered":"<p><a href=\"http:\/\/www.ramus.je\/nejlepsi\/index.php\/archiv\/galerie\/category\/195-2017-12-28-21-42-05\"><img decoding=\"async\" style=\"float: right;\" src=\"http:\/\/www.ramus.je\/nejlepsi\/images\/phocagallery\/2017\/stedry_vecirek_17\/thumbs\/phoca_thumb_l__MG_4750-13.jpg\" alt=\"alt\" width=\"300\" \/><\/a>Rozlu\u010dka s rokem 2017, n\u00e1\u0161 \u0161t\u011bdr\u00fd ve\u010d\u00edrek, se vyda\u0159il p\u0159evelice! D\u00edky d\u00edky d\u00edky kapel\u00e1m Koza na \u00fatesu, Bullerbyn, Tygroo, Lada je sama&#8230; D\u00edky Z\u00e1zem\u00ed a v\u00e1m v\u0161em, kdo jste p\u0159i\u0161li!<\/p>\n<p>Akce \u010dist\u011b ve\u010d\u00edrkov\u00e9ho typu se nakonec skute\u010dn\u011b p\u0159elila v akci benefi\u010dn\u00ed: po se\u010dten\u00ed vstupn\u00e9ho a prodeje tri\u010dek a ta\u0161ek a ode\u010dten\u00ed n\u00e1klad\u016f vyd\u011blali jsme na aktivity Ramusu&#8230; Trad\u00e1\u00e1\u00e1&#8230; <strong>DEV\u011aT TIS\u00cdC T\u0158ICET OSUM KORUN!<\/strong><\/p>\n<p><a href=\"http:\/\/www.ramus.je\/nejlepsi\/index.php\/archiv\/galerie\/category\/195-2017-12-28-21-42-05\">Jup\u00edjej, tady fotozky, koukn\u011bte.<\/a><\/p>\n","protected":false},"excerpt":{"rendered":"<p>Rozlu\u010dka s rokem 2017, n\u00e1\u0161 \u0161t\u011bdr\u00fd ve\u010d\u00edrek, se vyda\u0159il p\u0159evelice! D\u00edky d\u00edky d\u00edky kapel\u00e1m Koza na \u00fatesu, Bullerbyn, Tygroo, Lada je sama&#8230; D\u00edky Z\u00e1zem\u00ed a v\u00e1m v\u0161em, kdo jste p\u0159i\u0161li! Akce \u010dist\u011b ve\u010d\u00edrkov\u00e9ho typu se nakonec skute\u010dn\u011b p\u0159elila v akci benefi\u010dn\u00ed: po se\u010dten\u00ed vstupn\u00e9ho a prodeje tri\u010dek a ta\u0161ek a ode\u010dten\u00ed n\u00e1klad\u016f vyd\u011blali jsme na &hellip; <a href=\"https:\/\/www.ramus.je\/nejlepsi\/prestedryvecirek\/\" class=\"more-link\">Continue reading<span class=\"screen-reader-text\"> &#8222;P\u0159e\u0161t\u011bdr\u00fd ve\u010d\u00edrek&#8220;<\/span><\/a><\/p>\n","protected":false},"author":6,"featured_media":0,"comment_status":"open","ping_status":"open","sticky":false,"template":"","format":"standard","meta":{"ngg_post_thumbnail":0,"footnotes":""},"categories":[213],"tags":[],"class_list":["post-3112","post","type-post","status-publish","format-standard","hentry","category-novinky"],"_links":{"self":[{"href":"https:\/\/www.ramus.je\/nejlepsi\/wp-json\/wp\/v2\/posts\/3112","targetHints":{"allow":["GET"]}}],"collection":[{"href":"https:\/\/www.ramus.je\/nejlepsi\/wp-json\/wp\/v2\/posts"}],"about":[{"href":"https:\/\/www.ramus.je\/nejlepsi\/wp-json\/wp\/v2\/types\/post"}],"author":[{"embeddable":true,"href":"https:\/\/www.ramus.je\/nejlepsi\/wp-json\/wp\/v2\/users\/6"}],"replies":[{"embeddable":true,"href":"https:\/\/www.ramus.je\/nejlepsi\/wp-json\/wp\/v2\/comments?post=3112"}],"version-history":[{"count":0,"href":"https:\/\/www.ramus.je\/nejlepsi\/wp-json\/wp\/v2\/posts\/3112\/revisions"}],"wp:attachment":[{"href":"https:\/\/www.ramus.je\/nejlepsi\/wp-json\/wp\/v2\/media?parent=3112"}],"wp:term":[{"taxonomy":"category","embeddable":true,"href":"https:\/\/www.ramus.je\/nejlepsi\/wp-json\/wp\/v2\/categories?post=3112"},{"taxonomy":"post_tag","embeddable":true,"href":"https:\/\/www.ramus.je\/nejlepsi\/wp-json\/wp\/v2\/tags?post=3112"}],"curies":[{"name":"wp","href":"https:\/\/api.w.org\/{rel}","templated":true}]}}