{"id":3107,"date":"2017-12-07T10:19:22","date_gmt":"2017-12-07T09:19:22","guid":{"rendered":"https:\/\/www.ramus.je\/web\/tichaaukce\/"},"modified":"2017-12-07T10:19:22","modified_gmt":"2017-12-07T09:19:22","slug":"tichaaukce","status":"publish","type":"post","link":"https:\/\/www.ramus.je\/nejlepsi\/tichaaukce\/","title":{"rendered":"Tich\u00e1 aukce \/ \u00fater\u00fd 19. 12."},"content":{"rendered":"<p><a href=\"http:\/\/www.ramus.je\/img\/webfotky\/ramus_aukce_191217.png\"><img loading=\"lazy\" decoding=\"async\" style=\"float: right;\" src=\"http:\/\/www.ramus.je\/img\/webfotky\/ramus_aukce_191217.png\" alt=\"alt\" width=\"346\" height=\"196\" \/><\/a>Letos poprv\u00e9 jsme se za \u00fa\u010delem z\u00edsk\u00e1n\u00ed finan\u010dn\u00edch prost\u0159edk\u016f rozhodli vyzkou\u0161et takzvanou tichou aukci. O co p\u016fjde?\u00a0<\/p>\n<p>Ve<strong> Fotograf Gallery<\/strong> (d\u011bkujeme!) vystav\u00edme jak pe\u010dliv\u011b vybran\u00e9 fotky z akc\u00ed Ramusu, tak fotky na\u0161ich p\u0159\u00e1tel. U ka\u017ed\u00e9 fotky bude napsan\u00e1 vyvol\u00e1vac\u00ed cena, kterou m\u016f\u017eou p\u0159\u00edchoz\u00ed naps\u00e1n\u00edm libovoln\u011b nav\u00fd\u0161it. Fotku si odn\u00e1\u0161\u00ed ten, jeho\u017e \u010d\u00e1stka bude nejvy\u0161\u0161\u00ed.<\/p>\n<p>T\u011b\u0161\u00edme se na vid\u011bnou! V \u00fater\u00fd 19. prosince od 19:00 ve\u00a0<a href=\"http:\/\/www.fotografgallery.cz\">Fotograf Gallery<\/a>.<\/p>\n","protected":false},"excerpt":{"rendered":"<p>Letos poprv\u00e9 jsme se za \u00fa\u010delem z\u00edsk\u00e1n\u00ed finan\u010dn\u00edch prost\u0159edk\u016f rozhodli vyzkou\u0161et takzvanou tichou aukci. O co p\u016fjde?\u00a0 Ve Fotograf Gallery (d\u011bkujeme!) vystav\u00edme jak pe\u010dliv\u011b vybran\u00e9 fotky z akc\u00ed Ramusu, tak fotky na\u0161ich p\u0159\u00e1tel. U ka\u017ed\u00e9 fotky bude napsan\u00e1 vyvol\u00e1vac\u00ed cena, kterou m\u016f\u017eou p\u0159\u00edchoz\u00ed naps\u00e1n\u00edm libovoln\u011b nav\u00fd\u0161it. Fotku si odn\u00e1\u0161\u00ed ten, jeho\u017e \u010d\u00e1stka bude nejvy\u0161\u0161\u00ed. T\u011b\u0161\u00edme &hellip; <a href=\"https:\/\/www.ramus.je\/nejlepsi\/tichaaukce\/\" class=\"more-link\">Continue reading<span class=\"screen-reader-text\"> &#8222;Tich\u00e1 aukce \/ \u00fater\u00fd 19. 12.&#8220;<\/span><\/a><\/p>\n","protected":false},"author":6,"featured_media":0,"comment_status":"open","ping_status":"open","sticky":false,"template":"","format":"standard","meta":{"ngg_post_thumbnail":0,"footnotes":""},"categories":[213],"tags":[],"class_list":["post-3107","post","type-post","status-publish","format-standard","hentry","category-novinky"],"_links":{"self":[{"href":"https:\/\/www.ramus.je\/nejlepsi\/wp-json\/wp\/v2\/posts\/3107","targetHints":{"allow":["GET"]}}],"collection":[{"href":"https:\/\/www.ramus.je\/nejlepsi\/wp-json\/wp\/v2\/posts"}],"about":[{"href":"https:\/\/www.ramus.je\/nejlepsi\/wp-json\/wp\/v2\/types\/post"}],"author":[{"embeddable":true,"href":"https:\/\/www.ramus.je\/nejlepsi\/wp-json\/wp\/v2\/users\/6"}],"replies":[{"embeddable":true,"href":"https:\/\/www.ramus.je\/nejlepsi\/wp-json\/wp\/v2\/comments?post=3107"}],"version-history":[{"count":0,"href":"https:\/\/www.ramus.je\/nejlepsi\/wp-json\/wp\/v2\/posts\/3107\/revisions"}],"wp:attachment":[{"href":"https:\/\/www.ramus.je\/nejlepsi\/wp-json\/wp\/v2\/media?parent=3107"}],"wp:term":[{"taxonomy":"category","embeddable":true,"href":"https:\/\/www.ramus.je\/nejlepsi\/wp-json\/wp\/v2\/categories?post=3107"},{"taxonomy":"post_tag","embeddable":true,"href":"https:\/\/www.ramus.je\/nejlepsi\/wp-json\/wp\/v2\/tags?post=3107"}],"curies":[{"name":"wp","href":"https:\/\/api.w.org\/{rel}","templated":true}]}}