{"id":3105,"date":"2017-11-19T23:58:49","date_gmt":"2017-11-19T22:58:49","guid":{"rendered":"https:\/\/www.ramus.je\/web\/dikyzemuzem\/"},"modified":"2017-11-19T23:58:49","modified_gmt":"2017-11-19T22:58:49","slug":"dikyzemuzem","status":"publish","type":"post","link":"https:\/\/www.ramus.je\/nejlepsi\/dikyzemuzem\/","title":{"rendered":"17. listopad"},"content":{"rendered":"<p><a href=\"https:\/\/www.ramus.je\/nejlepsi\/wp-content\/uploads\/2017\/11\/baz_17_1.jpg\"><img decoding=\"async\" class=\" alignright size-full wp-image-3104\" style=\"float: right;\" src=\"https:\/\/www.ramus.je\/nejlepsi\/wp-content\/uploads\/2017\/11\/baz_17_1.jpg\" alt=\"alt\" width=\"300\" srcset=\"https:\/\/www.ramus.je\/nejlepsi\/wp-content\/uploads\/2017\/11\/baz_17_1.jpg 800w, https:\/\/www.ramus.je\/nejlepsi\/wp-content\/uploads\/2017\/11\/baz_17_1-300x200.jpg 300w, https:\/\/www.ramus.je\/nejlepsi\/wp-content\/uploads\/2017\/11\/baz_17_1-768x512.jpg 768w, https:\/\/www.ramus.je\/nejlepsi\/wp-content\/uploads\/2017\/11\/baz_17_1-720x480.jpg 720w, https:\/\/www.ramus.je\/nejlepsi\/wp-content\/uploads\/2017\/11\/baz_17_1-120x80.jpg 120w\" sizes=\"(min-width: 960px) 75vw, 100vw\" \/><\/a>V p\u00e1tek 17. listopadu jsme &#8211; ji\u017e po mnohokr\u00e1t\u00e9 &#8211; zav\u00edtali do Lu\u017eeni\u010dek, kde v kulturn\u00edm dom\u011b prob\u00edhal benefi\u010dn\u00ed bazar oble\u010den\u00ed. \u010c\u00e1st v\u00fdt\u011b\u017eku z t\u00e9to v\u011bhlasn\u00e9 akce poputuje op\u011bt Ramusu. Na m\u00edst\u011b jsme rozl\u00e9vali sva\u0159\u00e1k, p\u0159ed t\u00fddnem jsme pom\u00e1hali i se z\u00e1vozem (cca 15 dod\u00e1vek pln\u00fdch oble\u010den\u00ed!).<\/p>\n<p>Moc d\u00edky cel\u00e9mu Bazar Teamu, kter\u00fd do realizace akce vr\u00e1\u017e\u00ed neuv\u011b\u0159iteln\u00e9 mno\u017estv\u00ed energie!<\/p>\n","protected":false},"excerpt":{"rendered":"<p>V p\u00e1tek 17. listopadu jsme &#8211; ji\u017e po mnohokr\u00e1t\u00e9 &#8211; zav\u00edtali do Lu\u017eeni\u010dek, kde v kulturn\u00edm dom\u011b prob\u00edhal benefi\u010dn\u00ed bazar oble\u010den\u00ed. \u010c\u00e1st v\u00fdt\u011b\u017eku z t\u00e9to v\u011bhlasn\u00e9 akce poputuje op\u011bt Ramusu. Na m\u00edst\u011b jsme rozl\u00e9vali sva\u0159\u00e1k, p\u0159ed t\u00fddnem jsme pom\u00e1hali i se z\u00e1vozem (cca 15 dod\u00e1vek pln\u00fdch oble\u010den\u00ed!). Moc d\u00edky cel\u00e9mu Bazar Teamu, kter\u00fd do realizace &hellip; <a href=\"https:\/\/www.ramus.je\/nejlepsi\/dikyzemuzem\/\" class=\"more-link\">Continue reading<span class=\"screen-reader-text\"> &#8222;17. listopad&#8220;<\/span><\/a><\/p>\n","protected":false},"author":6,"featured_media":3102,"comment_status":"open","ping_status":"open","sticky":false,"template":"","format":"standard","meta":{"ngg_post_thumbnail":0,"footnotes":""},"categories":[213],"tags":[],"class_list":["post-3105","post","type-post","status-publish","format-standard","has-post-thumbnail","hentry","category-novinky"],"_links":{"self":[{"href":"https:\/\/www.ramus.je\/nejlepsi\/wp-json\/wp\/v2\/posts\/3105","targetHints":{"allow":["GET"]}}],"collection":[{"href":"https:\/\/www.ramus.je\/nejlepsi\/wp-json\/wp\/v2\/posts"}],"about":[{"href":"https:\/\/www.ramus.je\/nejlepsi\/wp-json\/wp\/v2\/types\/post"}],"author":[{"embeddable":true,"href":"https:\/\/www.ramus.je\/nejlepsi\/wp-json\/wp\/v2\/users\/6"}],"replies":[{"embeddable":true,"href":"https:\/\/www.ramus.je\/nejlepsi\/wp-json\/wp\/v2\/comments?post=3105"}],"version-history":[{"count":0,"href":"https:\/\/www.ramus.je\/nejlepsi\/wp-json\/wp\/v2\/posts\/3105\/revisions"}],"wp:featuredmedia":[{"embeddable":true,"href":"https:\/\/www.ramus.je\/nejlepsi\/wp-json\/wp\/v2\/media\/3102"}],"wp:attachment":[{"href":"https:\/\/www.ramus.je\/nejlepsi\/wp-json\/wp\/v2\/media?parent=3105"}],"wp:term":[{"taxonomy":"category","embeddable":true,"href":"https:\/\/www.ramus.je\/nejlepsi\/wp-json\/wp\/v2\/categories?post=3105"},{"taxonomy":"post_tag","embeddable":true,"href":"https:\/\/www.ramus.je\/nejlepsi\/wp-json\/wp\/v2\/tags?post=3105"}],"curies":[{"name":"wp","href":"https:\/\/api.w.org\/{rel}","templated":true}]}}