{"id":3091,"date":"2017-10-24T12:00:06","date_gmt":"2017-10-24T11:00:06","guid":{"rendered":"https:\/\/www.ramus.je\/web\/rijenvperle\/"},"modified":"2017-10-24T12:00:06","modified_gmt":"2017-10-24T11:00:06","slug":"rijenvperle","status":"publish","type":"post","link":"https:\/\/www.ramus.je\/nejlepsi\/rijenvperle\/","title":{"rendered":"\u0158\u00edjen v Perle"},"content":{"rendered":"<p><a href=\"http:\/\/www.ramus.je\/nejlepsi\/index.php\/archiv\/galerie\/category\/189-2017-10-24-11-31-16\"><img decoding=\"async\" style=\"float: right;\" src=\"http:\/\/www.ramus.je\/nejlepsi\/images\/phocagallery\/2017\/perla_rijen_17\/thumbs\/phoca_thumb_l_15.jpg\" alt=\"alt\" width=\"350\" \/><\/a>\u0158\u00edjnovou v\u00edkendovku m\u00e1me za sebou, tentokr\u00e1t jsme v hojn\u00e9 m\u00ed\u0159e okupovali <a href=\"http:\/\/divus.cc\/praha\/cs\/page\/?uri=perla&#038;id=75\">N\u00e1rodn\u00ed galerii v Nov\u00e9 Perl<\/a>e, moc d\u00edky! Stejn\u011b tak d\u00edky v\u0161em nov\u00fdm asistentk\u00e1m a asistent\u016fm, kter\u00e9 a kte\u0159\u00ed svoji \u00fa\u010dast\u00ed zapo\u010dali omlazovac\u00ed proces na\u0161eho zest\u00e1rl\u00e9ho kolektivu \ud83d\ude42<\/p>\n<p><a href=\"http:\/\/www.ramus.je\/nejlepsi\/index.php\/archiv\/galerie\/category\/189-2017-10-24-11-31-16\">Koukn\u011bte na na\u0161e tradi\u010dn\u011b n\u00e1dhern\u00e9 fotky!<\/a> Tentokr\u00e1t fotila i na\u0161e byrokratka Zuzka, a sice rusk\u00fdm apar\u00e1tem LOMO: ten se vyzna\u010duje \u0161patnou technickou kvalitou, v\u0161ak z\u00e1rove\u0148 origin\u00e1ln\u00edm a nezam\u011bniteln\u00fdm rukopisem.<\/p>\n","protected":false},"excerpt":{"rendered":"<p>\u0158\u00edjnovou v\u00edkendovku m\u00e1me za sebou, tentokr\u00e1t jsme v hojn\u00e9 m\u00ed\u0159e okupovali N\u00e1rodn\u00ed galerii v Nov\u00e9 Perle, moc d\u00edky! Stejn\u011b tak d\u00edky v\u0161em nov\u00fdm asistentk\u00e1m a asistent\u016fm, kter\u00e9 a kte\u0159\u00ed svoji \u00fa\u010dast\u00ed zapo\u010dali omlazovac\u00ed proces na\u0161eho zest\u00e1rl\u00e9ho kolektivu \ud83d\ude42 Koukn\u011bte na na\u0161e tradi\u010dn\u011b n\u00e1dhern\u00e9 fotky! Tentokr\u00e1t fotila i na\u0161e byrokratka Zuzka, a sice rusk\u00fdm apar\u00e1tem LOMO: &hellip; <a href=\"https:\/\/www.ramus.je\/nejlepsi\/rijenvperle\/\" class=\"more-link\">Continue reading<span class=\"screen-reader-text\"> &#8222;\u0158\u00edjen v Perle&#8220;<\/span><\/a><\/p>\n","protected":false},"author":6,"featured_media":0,"comment_status":"open","ping_status":"open","sticky":false,"template":"","format":"standard","meta":{"ngg_post_thumbnail":0,"footnotes":""},"categories":[213],"tags":[],"class_list":["post-3091","post","type-post","status-publish","format-standard","hentry","category-novinky"],"_links":{"self":[{"href":"https:\/\/www.ramus.je\/nejlepsi\/wp-json\/wp\/v2\/posts\/3091","targetHints":{"allow":["GET"]}}],"collection":[{"href":"https:\/\/www.ramus.je\/nejlepsi\/wp-json\/wp\/v2\/posts"}],"about":[{"href":"https:\/\/www.ramus.je\/nejlepsi\/wp-json\/wp\/v2\/types\/post"}],"author":[{"embeddable":true,"href":"https:\/\/www.ramus.je\/nejlepsi\/wp-json\/wp\/v2\/users\/6"}],"replies":[{"embeddable":true,"href":"https:\/\/www.ramus.je\/nejlepsi\/wp-json\/wp\/v2\/comments?post=3091"}],"version-history":[{"count":0,"href":"https:\/\/www.ramus.je\/nejlepsi\/wp-json\/wp\/v2\/posts\/3091\/revisions"}],"wp:attachment":[{"href":"https:\/\/www.ramus.je\/nejlepsi\/wp-json\/wp\/v2\/media?parent=3091"}],"wp:term":[{"taxonomy":"category","embeddable":true,"href":"https:\/\/www.ramus.je\/nejlepsi\/wp-json\/wp\/v2\/categories?post=3091"},{"taxonomy":"post_tag","embeddable":true,"href":"https:\/\/www.ramus.je\/nejlepsi\/wp-json\/wp\/v2\/tags?post=3091"}],"curies":[{"name":"wp","href":"https:\/\/api.w.org\/{rel}","templated":true}]}}