{"id":3033,"date":"2017-05-23T20:36:10","date_gmt":"2017-05-23T19:36:10","guid":{"rendered":"https:\/\/www.ramus.je\/web\/nejlepsifotkysoslikama\/"},"modified":"2017-05-23T20:36:10","modified_gmt":"2017-05-23T19:36:10","slug":"nejlepsifotkysoslikama","status":"publish","type":"post","link":"https:\/\/www.ramus.je\/nejlepsi\/nejlepsifotkysoslikama\/","title":{"rendered":"Nejlep\u0161\u00ed fotky s osl\u00edkama"},"content":{"rendered":"<p><a href=\"http:\/\/www.ramus.je\/nejlepsi\/index.php\/archiv\/galerie\/category\/182-milkovice-kvten-17\"><img decoding=\"async\" style=\"float: right;\" src=\"http:\/\/www.ramus.je\/nejlepsi\/images\/phocagallery\/2017\/milkovice_kveten_17\/thumbs\/phoca_thumb_l_01.JPG\" alt=\"alt\" width=\"300\" \/><\/a><\/p>\n<p>\u0158\u00edkali jsme si, \u017ee jsou ty na\u0161e obli\u010deje u\u017e docela okoukan\u00e9, a tak jsou na <a href=\"http:\/\/www.ramus.je\/nejlepsi\/index.php\/archiv\/galerie\/category\/182-milkovice-kvten-17\">fotk\u00e1ch z pr\u00e1v\u011b prob\u011bhl\u00e9 v\u00edkendovky<\/a> hlavn\u011b osl\u00edci a kozy. Tak snad se v\u00e1m budou l\u00edbit!<\/p>\n<p>Moc d\u00edky Standovi Pencovi za poskytnut\u00ed m\u00edsta a t\u011b\u0161\u00edme se zas n\u011bkdy navid\u011bnou! Kdo byste se cht\u011bli na tohle skv\u011bl\u00e9 m\u00edsto mrknout, tak vyra\u017ete v srpnu na Koz\u00ed mejdan!<\/p>\n","protected":false},"excerpt":{"rendered":"<p>\u0158\u00edkali jsme si, \u017ee jsou ty na\u0161e obli\u010deje u\u017e docela okoukan\u00e9, a tak jsou na fotk\u00e1ch z pr\u00e1v\u011b prob\u011bhl\u00e9 v\u00edkendovky hlavn\u011b osl\u00edci a kozy. Tak snad se v\u00e1m budou l\u00edbit! Moc d\u00edky Standovi Pencovi za poskytnut\u00ed m\u00edsta a t\u011b\u0161\u00edme se zas n\u011bkdy navid\u011bnou! Kdo byste se cht\u011bli na tohle skv\u011bl\u00e9 m\u00edsto mrknout, tak vyra\u017ete v &hellip; <a href=\"https:\/\/www.ramus.je\/nejlepsi\/nejlepsifotkysoslikama\/\" class=\"more-link\">Continue reading<span class=\"screen-reader-text\"> &#8222;Nejlep\u0161\u00ed fotky s osl\u00edkama&#8220;<\/span><\/a><\/p>\n","protected":false},"author":6,"featured_media":0,"comment_status":"open","ping_status":"open","sticky":false,"template":"","format":"standard","meta":{"ngg_post_thumbnail":0,"footnotes":""},"categories":[213],"tags":[],"class_list":["post-3033","post","type-post","status-publish","format-standard","hentry","category-novinky"],"_links":{"self":[{"href":"https:\/\/www.ramus.je\/nejlepsi\/wp-json\/wp\/v2\/posts\/3033","targetHints":{"allow":["GET"]}}],"collection":[{"href":"https:\/\/www.ramus.je\/nejlepsi\/wp-json\/wp\/v2\/posts"}],"about":[{"href":"https:\/\/www.ramus.je\/nejlepsi\/wp-json\/wp\/v2\/types\/post"}],"author":[{"embeddable":true,"href":"https:\/\/www.ramus.je\/nejlepsi\/wp-json\/wp\/v2\/users\/6"}],"replies":[{"embeddable":true,"href":"https:\/\/www.ramus.je\/nejlepsi\/wp-json\/wp\/v2\/comments?post=3033"}],"version-history":[{"count":0,"href":"https:\/\/www.ramus.je\/nejlepsi\/wp-json\/wp\/v2\/posts\/3033\/revisions"}],"wp:attachment":[{"href":"https:\/\/www.ramus.je\/nejlepsi\/wp-json\/wp\/v2\/media?parent=3033"}],"wp:term":[{"taxonomy":"category","embeddable":true,"href":"https:\/\/www.ramus.je\/nejlepsi\/wp-json\/wp\/v2\/categories?post=3033"},{"taxonomy":"post_tag","embeddable":true,"href":"https:\/\/www.ramus.je\/nejlepsi\/wp-json\/wp\/v2\/tags?post=3033"}],"curies":[{"name":"wp","href":"https:\/\/api.w.org\/{rel}","templated":true}]}}