{"id":3028,"date":"2017-05-16T20:44:21","date_gmt":"2017-05-16T19:44:21","guid":{"rendered":"https:\/\/www.ramus.je\/web\/furt-neco\/"},"modified":"2017-05-16T20:44:21","modified_gmt":"2017-05-16T19:44:21","slug":"furt-neco","status":"publish","type":"post","link":"https:\/\/www.ramus.je\/nejlepsi\/furt-neco\/","title":{"rendered":"Furt n\u011bco"},"content":{"rendered":"<p><a href=\"https:\/\/www.ramus.je\/nejlepsi\/wp-content\/uploads\/2017\/05\/rambar_bazarek_kveten_17.jpg\"><img decoding=\"async\" class=\" alignright size-full wp-image-3027\" style=\"float: right;\" src=\"https:\/\/www.ramus.je\/nejlepsi\/wp-content\/uploads\/2017\/05\/rambar_bazarek_kveten_17.jpg\" alt=\"alt\" width=\"300\" srcset=\"https:\/\/www.ramus.je\/nejlepsi\/wp-content\/uploads\/2017\/05\/rambar_bazarek_kveten_17.jpg 800w, https:\/\/www.ramus.je\/nejlepsi\/wp-content\/uploads\/2017\/05\/rambar_bazarek_kveten_17-300x225.jpg 300w, https:\/\/www.ramus.je\/nejlepsi\/wp-content\/uploads\/2017\/05\/rambar_bazarek_kveten_17-768x576.jpg 768w, https:\/\/www.ramus.je\/nejlepsi\/wp-content\/uploads\/2017\/05\/rambar_bazarek_kveten_17-160x120.jpg 160w\" sizes=\"(min-width: 960px) 75vw, 100vw\" \/><\/a>Sobota 13. kv\u011btna, Lu\u017eeni\u010dky kousek od Doma\u017elic a n\u00e1\u0161 st\u00e1nek ve stylu <em>hroznej frmol<\/em> p\u0159ed kulturn\u00edm domem, kde pr\u00e1v\u011b prob\u00edh\u00e1 ji\u017e n\u011bkolik\u00e1t\u00fd benefi\u010dn\u00ed baz\u00e1rek oble\u010den\u00ed, \u010d\u00e1st jeho\u017e v\u00fdt\u011b\u017eku jde na Ramus.<\/p>\n<p>Moc d\u011bkujeme v\u0161em z <em>nazdar bazar t\u00fdmu<\/em>, \u017ee tuto skv\u011blou akci d\u011blaj\u00ed! A za vynikaj\u00edc\u00ed ob\u011bd d\u011bkujeme obzvl\u00e1\u0161t\u011b .)<\/p>\n<p>Z\u00edtra vyr\u00e1\u017e\u00edme na Neviditelnou v\u00fdstavu, ve \u010dtvrtek odj\u00ed\u017ed\u00ed dev\u011bt lid\u00ed na ji\u017e p\u00e1t\u00fd ramus\u00ed <a href=\"http:\/\/www.ramus.je\/nejlepsi\/index.php\/aktivita\/roadtripy\">roadtrip<\/a>, tentokr\u00e1t sm\u011br It\u00e1lie, od p\u00e1tku do ned\u011ble v\u00edkendovka s kozama. V\u011bci se d\u011bjou! A voda te\u010de&#8230;<\/p>\n","protected":false},"excerpt":{"rendered":"<p>Sobota 13. kv\u011btna, Lu\u017eeni\u010dky kousek od Doma\u017elic a n\u00e1\u0161 st\u00e1nek ve stylu hroznej frmol p\u0159ed kulturn\u00edm domem, kde pr\u00e1v\u011b prob\u00edh\u00e1 ji\u017e n\u011bkolik\u00e1t\u00fd benefi\u010dn\u00ed baz\u00e1rek oble\u010den\u00ed, \u010d\u00e1st jeho\u017e v\u00fdt\u011b\u017eku jde na Ramus. Moc d\u011bkujeme v\u0161em z nazdar bazar t\u00fdmu, \u017ee tuto skv\u011blou akci d\u011blaj\u00ed! A za vynikaj\u00edc\u00ed ob\u011bd d\u011bkujeme obzvl\u00e1\u0161t\u011b .) Z\u00edtra vyr\u00e1\u017e\u00edme na Neviditelnou v\u00fdstavu, &hellip; <a href=\"https:\/\/www.ramus.je\/nejlepsi\/furt-neco\/\" class=\"more-link\">Continue reading<span class=\"screen-reader-text\"> &#8222;Furt n\u011bco&#8220;<\/span><\/a><\/p>\n","protected":false},"author":6,"featured_media":3025,"comment_status":"open","ping_status":"open","sticky":false,"template":"","format":"standard","meta":{"ngg_post_thumbnail":0,"footnotes":""},"categories":[213],"tags":[],"class_list":["post-3028","post","type-post","status-publish","format-standard","has-post-thumbnail","hentry","category-novinky"],"_links":{"self":[{"href":"https:\/\/www.ramus.je\/nejlepsi\/wp-json\/wp\/v2\/posts\/3028","targetHints":{"allow":["GET"]}}],"collection":[{"href":"https:\/\/www.ramus.je\/nejlepsi\/wp-json\/wp\/v2\/posts"}],"about":[{"href":"https:\/\/www.ramus.je\/nejlepsi\/wp-json\/wp\/v2\/types\/post"}],"author":[{"embeddable":true,"href":"https:\/\/www.ramus.je\/nejlepsi\/wp-json\/wp\/v2\/users\/6"}],"replies":[{"embeddable":true,"href":"https:\/\/www.ramus.je\/nejlepsi\/wp-json\/wp\/v2\/comments?post=3028"}],"version-history":[{"count":0,"href":"https:\/\/www.ramus.je\/nejlepsi\/wp-json\/wp\/v2\/posts\/3028\/revisions"}],"wp:featuredmedia":[{"embeddable":true,"href":"https:\/\/www.ramus.je\/nejlepsi\/wp-json\/wp\/v2\/media\/3025"}],"wp:attachment":[{"href":"https:\/\/www.ramus.je\/nejlepsi\/wp-json\/wp\/v2\/media?parent=3028"}],"wp:term":[{"taxonomy":"category","embeddable":true,"href":"https:\/\/www.ramus.je\/nejlepsi\/wp-json\/wp\/v2\/categories?post=3028"},{"taxonomy":"post_tag","embeddable":true,"href":"https:\/\/www.ramus.je\/nejlepsi\/wp-json\/wp\/v2\/tags?post=3028"}],"curies":[{"name":"wp","href":"https:\/\/api.w.org\/{rel}","templated":true}]}}