{"id":3012,"date":"2017-05-08T07:41:11","date_gmt":"2017-05-08T06:41:11","guid":{"rendered":"https:\/\/www.ramus.je\/web\/bazarek-se-blizi\/"},"modified":"2017-05-08T07:41:11","modified_gmt":"2017-05-08T06:41:11","slug":"bazarek-se-blizi","status":"publish","type":"post","link":"https:\/\/www.ramus.je\/nejlepsi\/bazarek-se-blizi\/","title":{"rendered":"Baz\u00e1rek se bl\u00ed\u017e\u00ed"},"content":{"rendered":"<p><a href=\"https:\/\/www.ramus.je\/nejlepsi\/wp-content\/uploads\/2017\/05\/bazarek_kveten_17.JPG\"><img decoding=\"async\" class=\" alignright size-full wp-image-3011\" style=\"float: right;\" src=\"https:\/\/www.ramus.je\/nejlepsi\/wp-content\/uploads\/2017\/05\/bazarek_kveten_17.JPG\" alt=\"alt\" width=\"300\" srcset=\"https:\/\/www.ramus.je\/nejlepsi\/wp-content\/uploads\/2017\/05\/bazarek_kveten_17.JPG 800w, https:\/\/www.ramus.je\/nejlepsi\/wp-content\/uploads\/2017\/05\/bazarek_kveten_17-300x200.jpg 300w, https:\/\/www.ramus.je\/nejlepsi\/wp-content\/uploads\/2017\/05\/bazarek_kveten_17-768x512.jpg 768w, https:\/\/www.ramus.je\/nejlepsi\/wp-content\/uploads\/2017\/05\/bazarek_kveten_17-720x480.jpg 720w, https:\/\/www.ramus.je\/nejlepsi\/wp-content\/uploads\/2017\/05\/bazarek_kveten_17-120x80.jpg 120w\" sizes=\"(min-width: 960px) 75vw, 100vw\" \/><\/a>V\u010dera jsme pom\u00e1hali se zav\u00e1\u017een\u00edm benefi\u010dn\u00edho baz\u00e1rku v Lu\u017eeni\u010dk\u00e1ch, \u010d\u00e1st jeho\u017e v\u00fdt\u011b\u017eku p\u016fjde na Ramus. Cel\u00e1 par\u00e1da vypuk\u00e1 ji\u017e v p\u00e1tek, my budeme na m\u00edst\u011b v sobotu. Stavte se!<\/p>\n<p><strong>JARN\u00cd CHARITATIVN\u00cd BAZAR<\/strong><br \/><strong>Kde?<\/strong> V kulturn\u00edm s\u00e1le v Lu\u017eeni\u010dk\u00e1ch. <br \/><strong>Kdy?<\/strong> Od soboty do pond\u011bl\u00ed 13.-15. kv\u011btna 2017, v\u017edy od 9:00 do 18:00 (krom\u011b pond\u011bl\u00ed, kdy je konec ji\u017e v 16:00). <br \/><strong>Co?<\/strong> Oble\u010den\u00ed d\u011btsk\u00e9, d\u00e1msk\u00e9 i p\u00e1nsk\u00e9, obuv, bytov\u00fd textil, hra\u010dky, dom\u00e1c\u00ed pot\u0159eby, bytov\u00e9 dopl\u0148ky aj.<\/p>\n","protected":false},"excerpt":{"rendered":"<p>V\u010dera jsme pom\u00e1hali se zav\u00e1\u017een\u00edm benefi\u010dn\u00edho baz\u00e1rku v Lu\u017eeni\u010dk\u00e1ch, \u010d\u00e1st jeho\u017e v\u00fdt\u011b\u017eku p\u016fjde na Ramus. Cel\u00e1 par\u00e1da vypuk\u00e1 ji\u017e v p\u00e1tek, my budeme na m\u00edst\u011b v sobotu. Stavte se! JARN\u00cd CHARITATIVN\u00cd BAZARKde? V kulturn\u00edm s\u00e1le v Lu\u017eeni\u010dk\u00e1ch. Kdy? Od soboty do pond\u011bl\u00ed 13.-15. kv\u011btna 2017, v\u017edy od 9:00 do 18:00 (krom\u011b pond\u011bl\u00ed, kdy je konec &hellip; <a href=\"https:\/\/www.ramus.je\/nejlepsi\/bazarek-se-blizi\/\" class=\"more-link\">Continue reading<span class=\"screen-reader-text\"> &#8222;Baz\u00e1rek se bl\u00ed\u017e\u00ed&#8220;<\/span><\/a><\/p>\n","protected":false},"author":6,"featured_media":3009,"comment_status":"open","ping_status":"open","sticky":false,"template":"","format":"standard","meta":{"ngg_post_thumbnail":0,"footnotes":""},"categories":[213],"tags":[],"class_list":["post-3012","post","type-post","status-publish","format-standard","has-post-thumbnail","hentry","category-novinky"],"_links":{"self":[{"href":"https:\/\/www.ramus.je\/nejlepsi\/wp-json\/wp\/v2\/posts\/3012","targetHints":{"allow":["GET"]}}],"collection":[{"href":"https:\/\/www.ramus.je\/nejlepsi\/wp-json\/wp\/v2\/posts"}],"about":[{"href":"https:\/\/www.ramus.je\/nejlepsi\/wp-json\/wp\/v2\/types\/post"}],"author":[{"embeddable":true,"href":"https:\/\/www.ramus.je\/nejlepsi\/wp-json\/wp\/v2\/users\/6"}],"replies":[{"embeddable":true,"href":"https:\/\/www.ramus.je\/nejlepsi\/wp-json\/wp\/v2\/comments?post=3012"}],"version-history":[{"count":0,"href":"https:\/\/www.ramus.je\/nejlepsi\/wp-json\/wp\/v2\/posts\/3012\/revisions"}],"wp:featuredmedia":[{"embeddable":true,"href":"https:\/\/www.ramus.je\/nejlepsi\/wp-json\/wp\/v2\/media\/3009"}],"wp:attachment":[{"href":"https:\/\/www.ramus.je\/nejlepsi\/wp-json\/wp\/v2\/media?parent=3012"}],"wp:term":[{"taxonomy":"category","embeddable":true,"href":"https:\/\/www.ramus.je\/nejlepsi\/wp-json\/wp\/v2\/categories?post=3012"},{"taxonomy":"post_tag","embeddable":true,"href":"https:\/\/www.ramus.je\/nejlepsi\/wp-json\/wp\/v2\/tags?post=3012"}],"curies":[{"name":"wp","href":"https:\/\/api.w.org\/{rel}","templated":true}]}}