{"id":2977,"date":"2017-03-14T16:32:40","date_gmt":"2017-03-14T15:32:40","guid":{"rendered":"https:\/\/www.ramus.je\/web\/vsechno-je-pred-nami\/"},"modified":"2017-03-14T16:32:40","modified_gmt":"2017-03-14T15:32:40","slug":"vsechno-je-pred-nami","status":"publish","type":"post","link":"https:\/\/www.ramus.je\/nejlepsi\/vsechno-je-pred-nami\/","title":{"rendered":"V\u0161echno je p\u0159ed n\u00e1mi"},"content":{"rendered":"<p><a href=\"http:\/\/ramus.je\/img\/webfotky\/sp_ramus_17.jpg\"><img decoding=\"async\" style=\"float: right;\" src=\"http:\/\/ramus.je\/img\/webfotky\/sp_ramus_17.jpg\" alt=\"alt\" width=\"300\" data-mce-=\"data-mce-\" \/><\/a><\/p>\n<p>O v\u00edkendu absolvovala provozn\u00ed skupina Ramusu strategick\u00e9 pl\u00e1nov\u00e1n\u00ed. Probrali jsme v\u0161e mo\u017en\u00e9 i nemo\u017en\u00e9, zejm\u00e9na pak budoucnost Ramusu \u2014 jak\u00e1 bude? Ka\u017edop\u00e1dn\u011b sv\u011btl\u00e1! Taky jsme se spole\u010dn\u011b vyfotili, kdy\u017e u\u017e jsme se tak hezky se\u0161li, koukejte!<\/p>\n<p>Mimojin\u00e9 jsme kone\u010dn\u011b vygenerovali data leto\u0161n\u00edch letn\u00edch t\u00e1bor\u016f. Pojedeme na zbrusu nov\u00e9 t\u00e1bo\u0159i\u0161t\u011b, t\u011b\u0161te se a pi\u0161te si:<\/p>\n<p><strong>9.\u201413. SRPNA. | STAV\u00cdME T\u00c1BOR<\/strong><br \/><strong>13.\u201423. SRPNA. | LEGEND\u00c1RN\u00cd T\u00c1BOR<\/strong><br \/><strong>23.\u201431. SRPNA. | DRSN\u00dd T\u00c1BOR<\/strong><br \/><strong>1.\u20143. Z\u00c1\u0158\u00cd | BOUR\u00c1ME T\u00c1BOR<\/strong><\/p>\n<p><a href=\"http:\/\/ramus.je\/img\/webfotky\/sp_ramus_17.jpg\"><\/a><\/p>\n","protected":false},"excerpt":{"rendered":"<p>O v\u00edkendu absolvovala provozn\u00ed skupina Ramusu strategick\u00e9 pl\u00e1nov\u00e1n\u00ed. Probrali jsme v\u0161e mo\u017en\u00e9 i nemo\u017en\u00e9, zejm\u00e9na pak budoucnost Ramusu \u2014 jak\u00e1 bude? Ka\u017edop\u00e1dn\u011b sv\u011btl\u00e1! Taky jsme se spole\u010dn\u011b vyfotili, kdy\u017e u\u017e jsme se tak hezky se\u0161li, koukejte! Mimojin\u00e9 jsme kone\u010dn\u011b vygenerovali data leto\u0161n\u00edch letn\u00edch t\u00e1bor\u016f. Pojedeme na zbrusu nov\u00e9 t\u00e1bo\u0159i\u0161t\u011b, t\u011b\u0161te se a pi\u0161te si: 9.\u201413. &hellip; <a href=\"https:\/\/www.ramus.je\/nejlepsi\/vsechno-je-pred-nami\/\" class=\"more-link\">Continue reading<span class=\"screen-reader-text\"> &#8222;V\u0161echno je p\u0159ed n\u00e1mi&#8220;<\/span><\/a><\/p>\n","protected":false},"author":6,"featured_media":0,"comment_status":"open","ping_status":"open","sticky":false,"template":"","format":"standard","meta":{"ngg_post_thumbnail":0,"footnotes":""},"categories":[213],"tags":[],"class_list":["post-2977","post","type-post","status-publish","format-standard","hentry","category-novinky"],"_links":{"self":[{"href":"https:\/\/www.ramus.je\/nejlepsi\/wp-json\/wp\/v2\/posts\/2977","targetHints":{"allow":["GET"]}}],"collection":[{"href":"https:\/\/www.ramus.je\/nejlepsi\/wp-json\/wp\/v2\/posts"}],"about":[{"href":"https:\/\/www.ramus.je\/nejlepsi\/wp-json\/wp\/v2\/types\/post"}],"author":[{"embeddable":true,"href":"https:\/\/www.ramus.je\/nejlepsi\/wp-json\/wp\/v2\/users\/6"}],"replies":[{"embeddable":true,"href":"https:\/\/www.ramus.je\/nejlepsi\/wp-json\/wp\/v2\/comments?post=2977"}],"version-history":[{"count":0,"href":"https:\/\/www.ramus.je\/nejlepsi\/wp-json\/wp\/v2\/posts\/2977\/revisions"}],"wp:attachment":[{"href":"https:\/\/www.ramus.je\/nejlepsi\/wp-json\/wp\/v2\/media?parent=2977"}],"wp:term":[{"taxonomy":"category","embeddable":true,"href":"https:\/\/www.ramus.je\/nejlepsi\/wp-json\/wp\/v2\/categories?post=2977"},{"taxonomy":"post_tag","embeddable":true,"href":"https:\/\/www.ramus.je\/nejlepsi\/wp-json\/wp\/v2\/tags?post=2977"}],"curies":[{"name":"wp","href":"https:\/\/api.w.org\/{rel}","templated":true}]}}