{"id":2952,"date":"2016-12-06T22:25:59","date_gmt":"2016-12-06T21:25:59","guid":{"rendered":"https:\/\/www.ramus.je\/web\/co-vas-ceka-v-sobotu\/"},"modified":"2016-12-06T22:25:59","modified_gmt":"2016-12-06T21:25:59","slug":"co-vas-ceka-v-sobotu","status":"publish","type":"post","link":"https:\/\/www.ramus.je\/nejlepsi\/co-vas-ceka-v-sobotu\/","title":{"rendered":"Co v\u00e1s \u010dek\u00e1 v sobotu?"},"content":{"rendered":"<p style=\"text-align: left;\" data-mce-=\"data-mce-\"><a href=\"http:\/\/ramus.je\/img\/webfotky\/ramus_je_101216_web.png\"><img loading=\"lazy\" decoding=\"async\" style=\"text-align: right; float: right;\" src=\"http:\/\/ramus.je\/img\/webfotky\/ramus_je_101216_web.png\" alt=\"alt\" width=\"290\" height=\"410\" \/><\/a>N\u00e1\u0161 sobotn\u00ed ve\u010d\u00edrek se bl\u00ed\u017e\u00ed. Co v\u00e1s \u010dek\u00e1?<\/p>\n<p style=\"text-align: left;\">\u2014 18:00 \u2014 projekce fotek z roku 2016<br \/>\u2014 19:00 \u2014 slovo pana \u0159editele<br \/>\u2014 19:05 \u2014 <a href=\"http:\/\/www.bandzone.cz\/acousticradiance\">Acoustic Radiance<\/a><br \/>\u2014 19:45 \u2014 film <a href=\"http:\/\/bit.ly\/2fGtnDU\">Turn\u00e9 bez koncert\u016f<\/a><br \/>\u2014 20:20 \u2014 <a href=\"http:\/\/www.bandzone.cz\/acousticradiance\">Acoustic Radiance<\/a><br \/>\u2014 21:00 \u2014 DJ Lango\u0161 vs. DJ Princip\u00e1l<\/p>\n<p style=\"text-align: left;\">Z\u00e1rove\u0148 se omlouv\u00e1me v\u0161em, kdo by se je\u0161t\u011b cht\u011bli p\u0159idat k sobotn\u00edmu odpoledn\u00edmu humru, kter\u00fd pr\u00e1v\u011b na ve\u010d\u00edrku skon\u010d\u00ed: kapacita u\u017e je bohu\u017eel napln\u011bn\u00e1 :\/<\/p>\n<p style=\"text-align: left;\">Tak v sobotu ve\u010der navi\u010f!<\/p>\n<p style=\"text-align: left;\">\u00a0<\/p>\n","protected":false},"excerpt":{"rendered":"<p>N\u00e1\u0161 sobotn\u00ed ve\u010d\u00edrek se bl\u00ed\u017e\u00ed. Co v\u00e1s \u010dek\u00e1? \u2014 18:00 \u2014 projekce fotek z roku 2016\u2014 19:00 \u2014 slovo pana \u0159editele\u2014 19:05 \u2014 Acoustic Radiance\u2014 19:45 \u2014 film Turn\u00e9 bez koncert\u016f\u2014 20:20 \u2014 Acoustic Radiance\u2014 21:00 \u2014 DJ Lango\u0161 vs. DJ Princip\u00e1l Z\u00e1rove\u0148 se omlouv\u00e1me v\u0161em, kdo by se je\u0161t\u011b cht\u011bli p\u0159idat k sobotn\u00edmu odpoledn\u00edmu &hellip; <a href=\"https:\/\/www.ramus.je\/nejlepsi\/co-vas-ceka-v-sobotu\/\" class=\"more-link\">Continue reading<span class=\"screen-reader-text\"> &#8222;Co v\u00e1s \u010dek\u00e1 v sobotu?&#8220;<\/span><\/a><\/p>\n","protected":false},"author":6,"featured_media":0,"comment_status":"open","ping_status":"open","sticky":false,"template":"","format":"standard","meta":{"ngg_post_thumbnail":0,"footnotes":""},"categories":[213],"tags":[],"class_list":["post-2952","post","type-post","status-publish","format-standard","hentry","category-novinky"],"_links":{"self":[{"href":"https:\/\/www.ramus.je\/nejlepsi\/wp-json\/wp\/v2\/posts\/2952","targetHints":{"allow":["GET"]}}],"collection":[{"href":"https:\/\/www.ramus.je\/nejlepsi\/wp-json\/wp\/v2\/posts"}],"about":[{"href":"https:\/\/www.ramus.je\/nejlepsi\/wp-json\/wp\/v2\/types\/post"}],"author":[{"embeddable":true,"href":"https:\/\/www.ramus.je\/nejlepsi\/wp-json\/wp\/v2\/users\/6"}],"replies":[{"embeddable":true,"href":"https:\/\/www.ramus.je\/nejlepsi\/wp-json\/wp\/v2\/comments?post=2952"}],"version-history":[{"count":0,"href":"https:\/\/www.ramus.je\/nejlepsi\/wp-json\/wp\/v2\/posts\/2952\/revisions"}],"wp:attachment":[{"href":"https:\/\/www.ramus.je\/nejlepsi\/wp-json\/wp\/v2\/media?parent=2952"}],"wp:term":[{"taxonomy":"category","embeddable":true,"href":"https:\/\/www.ramus.je\/nejlepsi\/wp-json\/wp\/v2\/categories?post=2952"},{"taxonomy":"post_tag","embeddable":true,"href":"https:\/\/www.ramus.je\/nejlepsi\/wp-json\/wp\/v2\/tags?post=2952"}],"curies":[{"name":"wp","href":"https:\/\/api.w.org\/{rel}","templated":true}]}}