{"id":2933,"date":"2016-10-25T08:00:26","date_gmt":"2016-10-25T07:00:26","guid":{"rendered":"https:\/\/www.ramus.je\/web\/podporujeme-platformu\/"},"modified":"2016-10-25T08:00:26","modified_gmt":"2016-10-25T07:00:26","slug":"podporujeme-platformu","status":"publish","type":"post","link":"https:\/\/www.ramus.je\/nejlepsi\/podporujeme-platformu\/","title":{"rendered":"Podporujeme Platformu"},"content":{"rendered":"<p>Hlavn\u00ed \u010dinnost\u00ed Ramusu je sice po\u0159\u00e1d\u00e1n\u00ed volno\u010dasov\u00fdch akc\u00ed, na kter\u00fdch se maj\u00ed mo\u017enost potkat a sezn\u00e1mit lid\u00e9 s posti\u017een\u00edm i bez n\u011bj, s postupn\u00fdm st\u00e1rnut\u00edm na\u0161\u00ed organizace se v\u0161ak \u010d\u00edm d\u00e1l \u010dast\u011bji bav\u00edme i o t\u00e9matech, jako je pr\u00e1ce \u010di bydlen\u00ed &#8211; ostatn\u011b ji\u017e brzy se s v\u00e1mi pod\u011bl\u00edme o aktu\u00e1ln\u00ed informace t\u00fdkaj\u00edc\u00ed se na\u0161eho projektu, kter\u00fd se bude pr\u00e1v\u011b bydlen\u00edm zab\u00fdvat!<\/p>\n<p>R\u00e1di bychom proto vyj\u00e1d\u0159ili podporu <a href=\"http:\/\/www.socialnibydleni.org\">Platforma pro soci\u00e1ln\u00ed bydlen\u00ed<\/a>, kter\u00e1 se svoj\u00ed \u010dinnost\u00ed sna\u017e\u00ed dos\u00e1hnout takov\u00e9 zm\u011bny pr\u00e1vn\u00edho r\u00e1mce, jen\u017e by vedla k syst\u00e9mov\u00e9mu a smyslupln\u00e9mu p\u0159\u00edstupu k problematice soci\u00e1ln\u00edho bydlen\u00ed. D\u00edky za to!<\/p>\n","protected":false},"excerpt":{"rendered":"<p>Hlavn\u00ed \u010dinnost\u00ed Ramusu je sice po\u0159\u00e1d\u00e1n\u00ed volno\u010dasov\u00fdch akc\u00ed, na kter\u00fdch se maj\u00ed mo\u017enost potkat a sezn\u00e1mit lid\u00e9 s posti\u017een\u00edm i bez n\u011bj, s postupn\u00fdm st\u00e1rnut\u00edm na\u0161\u00ed organizace se v\u0161ak \u010d\u00edm d\u00e1l \u010dast\u011bji bav\u00edme i o t\u00e9matech, jako je pr\u00e1ce \u010di bydlen\u00ed &#8211; ostatn\u011b ji\u017e brzy se s v\u00e1mi pod\u011bl\u00edme o aktu\u00e1ln\u00ed informace t\u00fdkaj\u00edc\u00ed se na\u0161eho &hellip; <a href=\"https:\/\/www.ramus.je\/nejlepsi\/podporujeme-platformu\/\" class=\"more-link\">Continue reading<span class=\"screen-reader-text\"> &#8222;Podporujeme Platformu&#8220;<\/span><\/a><\/p>\n","protected":false},"author":6,"featured_media":0,"comment_status":"open","ping_status":"open","sticky":false,"template":"","format":"standard","meta":{"ngg_post_thumbnail":0,"footnotes":""},"categories":[213],"tags":[],"class_list":["post-2933","post","type-post","status-publish","format-standard","hentry","category-novinky"],"_links":{"self":[{"href":"https:\/\/www.ramus.je\/nejlepsi\/wp-json\/wp\/v2\/posts\/2933","targetHints":{"allow":["GET"]}}],"collection":[{"href":"https:\/\/www.ramus.je\/nejlepsi\/wp-json\/wp\/v2\/posts"}],"about":[{"href":"https:\/\/www.ramus.je\/nejlepsi\/wp-json\/wp\/v2\/types\/post"}],"author":[{"embeddable":true,"href":"https:\/\/www.ramus.je\/nejlepsi\/wp-json\/wp\/v2\/users\/6"}],"replies":[{"embeddable":true,"href":"https:\/\/www.ramus.je\/nejlepsi\/wp-json\/wp\/v2\/comments?post=2933"}],"version-history":[{"count":0,"href":"https:\/\/www.ramus.je\/nejlepsi\/wp-json\/wp\/v2\/posts\/2933\/revisions"}],"wp:attachment":[{"href":"https:\/\/www.ramus.je\/nejlepsi\/wp-json\/wp\/v2\/media?parent=2933"}],"wp:term":[{"taxonomy":"category","embeddable":true,"href":"https:\/\/www.ramus.je\/nejlepsi\/wp-json\/wp\/v2\/categories?post=2933"},{"taxonomy":"post_tag","embeddable":true,"href":"https:\/\/www.ramus.je\/nejlepsi\/wp-json\/wp\/v2\/tags?post=2933"}],"curies":[{"name":"wp","href":"https:\/\/api.w.org\/{rel}","templated":true}]}}