{"id":2929,"date":"2016-10-17T19:32:27","date_gmt":"2016-10-17T18:32:27","guid":{"rendered":"https:\/\/www.ramus.je\/web\/konici-bez-koniku\/"},"modified":"2016-10-17T19:32:27","modified_gmt":"2016-10-17T18:32:27","slug":"konici-bez-koniku","status":"publish","type":"post","link":"https:\/\/www.ramus.je\/nejlepsi\/konici-bez-koniku\/","title":{"rendered":"Kon\u00edci bez kon\u00edk\u016f"},"content":{"rendered":"<p><a href=\"https:\/\/photos.google.com\/share\/AF1QipNGqCxCo2_Y8jNi7jywKz_Cje62E-TQiTf_oofCD1P21lwkOsk28i4fELVrO99Asg?key=dWlFejNOVDFsZU1LS3g2SGI1eUFWS2lOUm9CbklR\"><img decoding=\"async\" style=\"float: right;\" src=\"http:\/\/ramus.je\/img\/webfotky\/konici_171016.jpg\" alt=\"alt\" width=\"300\" \/><\/a><\/p>\n<p>Prvn\u00ed z \u0159\u00edjnov\u00fdch v\u00edkend\u016f je za n\u00e1mi! Kon\u00edkov\u00e9, na kter\u00e9 jsme v\u0161echny nal\u00e1kali, m\u011bli sice podzimn\u00ed depresi a schov\u00e1vali se, \u010d\u00edm\u017e p\u00e1dem jsme je nakonec v\u016fbec nevid\u011bli, ale u\u017eili jsme si to i tak .)<\/p>\n<p>Moc d\u011bkujeme Petrovi a Radkovi Sedl\u00e1\u010dkov\u00fdm za azyl! Fotogalerii na webu je\u0161t\u011b opravenou nem\u00e1me, tak se na fotky pod\u00edvejte aspo\u0148 <a href=\"https:\/\/photos.google.com\/share\/AF1QipNGqCxCo2_Y8jNi7jywKz_Cje62E-TQiTf_oofCD1P21lwkOsk28i4fELVrO99Asg?key=dWlFejNOVDFsZU1LS3g2SGI1eUFWS2lOUm9CbklR\">tady<\/a>.<\/p>\n","protected":false},"excerpt":{"rendered":"<p>Prvn\u00ed z \u0159\u00edjnov\u00fdch v\u00edkend\u016f je za n\u00e1mi! Kon\u00edkov\u00e9, na kter\u00e9 jsme v\u0161echny nal\u00e1kali, m\u011bli sice podzimn\u00ed depresi a schov\u00e1vali se, \u010d\u00edm\u017e p\u00e1dem jsme je nakonec v\u016fbec nevid\u011bli, ale u\u017eili jsme si to i tak .) Moc d\u011bkujeme Petrovi a Radkovi Sedl\u00e1\u010dkov\u00fdm za azyl! Fotogalerii na webu je\u0161t\u011b opravenou nem\u00e1me, tak se na fotky pod\u00edvejte aspo\u0148 &hellip; <a href=\"https:\/\/www.ramus.je\/nejlepsi\/konici-bez-koniku\/\" class=\"more-link\">Continue reading<span class=\"screen-reader-text\"> &#8222;Kon\u00edci bez kon\u00edk\u016f&#8220;<\/span><\/a><\/p>\n","protected":false},"author":6,"featured_media":0,"comment_status":"open","ping_status":"open","sticky":false,"template":"","format":"standard","meta":{"ngg_post_thumbnail":0,"footnotes":""},"categories":[213],"tags":[],"class_list":["post-2929","post","type-post","status-publish","format-standard","hentry","category-novinky"],"_links":{"self":[{"href":"https:\/\/www.ramus.je\/nejlepsi\/wp-json\/wp\/v2\/posts\/2929","targetHints":{"allow":["GET"]}}],"collection":[{"href":"https:\/\/www.ramus.je\/nejlepsi\/wp-json\/wp\/v2\/posts"}],"about":[{"href":"https:\/\/www.ramus.je\/nejlepsi\/wp-json\/wp\/v2\/types\/post"}],"author":[{"embeddable":true,"href":"https:\/\/www.ramus.je\/nejlepsi\/wp-json\/wp\/v2\/users\/6"}],"replies":[{"embeddable":true,"href":"https:\/\/www.ramus.je\/nejlepsi\/wp-json\/wp\/v2\/comments?post=2929"}],"version-history":[{"count":0,"href":"https:\/\/www.ramus.je\/nejlepsi\/wp-json\/wp\/v2\/posts\/2929\/revisions"}],"wp:attachment":[{"href":"https:\/\/www.ramus.je\/nejlepsi\/wp-json\/wp\/v2\/media?parent=2929"}],"wp:term":[{"taxonomy":"category","embeddable":true,"href":"https:\/\/www.ramus.je\/nejlepsi\/wp-json\/wp\/v2\/categories?post=2929"},{"taxonomy":"post_tag","embeddable":true,"href":"https:\/\/www.ramus.je\/nejlepsi\/wp-json\/wp\/v2\/tags?post=2929"}],"curies":[{"name":"wp","href":"https:\/\/api.w.org\/{rel}","templated":true}]}}