{"id":2927,"date":"2016-10-02T18:38:12","date_gmt":"2016-10-02T17:38:12","guid":{"rendered":"https:\/\/www.ramus.je\/web\/bude-film\/"},"modified":"2016-10-02T18:38:12","modified_gmt":"2016-10-02T17:38:12","slug":"bude-film","status":"publish","type":"post","link":"https:\/\/www.ramus.je\/nejlepsi\/bude-film\/","title":{"rendered":"Bude film!"},"content":{"rendered":"<p><a href=\"http:\/\/www.ramus.je\/img\/webfotky\/ramus_roadtrip_rijen16.jpg\"><img decoding=\"async\" class=\" alignright size-full wp-image-2926\" style=\"float: right;\" src=\"https:\/\/www.ramus.je\/nejlepsi\/wp-content\/uploads\/2016\/10\/ramus_roadtrip_rijen16.jpg\" alt=\"alt\" width=\"300\" srcset=\"https:\/\/www.ramus.je\/nejlepsi\/wp-content\/uploads\/2016\/10\/ramus_roadtrip_rijen16.jpg 800w, https:\/\/www.ramus.je\/nejlepsi\/wp-content\/uploads\/2016\/10\/ramus_roadtrip_rijen16-300x200.jpg 300w, https:\/\/www.ramus.je\/nejlepsi\/wp-content\/uploads\/2016\/10\/ramus_roadtrip_rijen16-768x513.jpg 768w, https:\/\/www.ramus.je\/nejlepsi\/wp-content\/uploads\/2016\/10\/ramus_roadtrip_rijen16-720x480.jpg 720w, https:\/\/www.ramus.je\/nejlepsi\/wp-content\/uploads\/2016\/10\/ramus_roadtrip_rijen16-120x80.jpg 120w\" sizes=\"(min-width: 960px) 75vw, 100vw\" \/><\/a><\/p>\n<p>Parta ze \u010dtvrt\u00e9ho ramus\u00edho roadtripu je \u017eiv\u00e1 a zdrav\u00e1 zp\u011bt v Praze. Celou akci jsme d\u016fsledn\u011b zaznamen\u00e1vali a vznikne z n\u00ed kr\u00e1tk\u00fd film, kter\u00fd bude m\u00edt premi\u00e9ru na festivalu soci\u00e1ln\u00edho um\u011bn\u00ed, ve st\u0159edu 26. \u0159\u00edjna od 18:00 na \u017ei\u017ekovsk\u00e9 Klinice. Ve filmu se mimojin\u00e9 dozv\u00edte, k \u010demu slou\u017e\u00ed tadyta podivn\u00e1 stavba na fotce za n\u00e1ma&#8230;<\/p>\n","protected":false},"excerpt":{"rendered":"<p>Parta ze \u010dtvrt\u00e9ho ramus\u00edho roadtripu je \u017eiv\u00e1 a zdrav\u00e1 zp\u011bt v Praze. Celou akci jsme d\u016fsledn\u011b zaznamen\u00e1vali a vznikne z n\u00ed kr\u00e1tk\u00fd film, kter\u00fd bude m\u00edt premi\u00e9ru na festivalu soci\u00e1ln\u00edho um\u011bn\u00ed, ve st\u0159edu 26. \u0159\u00edjna od 18:00 na \u017ei\u017ekovsk\u00e9 Klinice. Ve filmu se mimojin\u00e9 dozv\u00edte, k \u010demu slou\u017e\u00ed tadyta podivn\u00e1 stavba na fotce za n\u00e1ma&#8230;<\/p>\n","protected":false},"author":6,"featured_media":2925,"comment_status":"open","ping_status":"open","sticky":false,"template":"","format":"standard","meta":{"ngg_post_thumbnail":0,"footnotes":""},"categories":[213],"tags":[],"class_list":["post-2927","post","type-post","status-publish","format-standard","has-post-thumbnail","hentry","category-novinky"],"_links":{"self":[{"href":"https:\/\/www.ramus.je\/nejlepsi\/wp-json\/wp\/v2\/posts\/2927","targetHints":{"allow":["GET"]}}],"collection":[{"href":"https:\/\/www.ramus.je\/nejlepsi\/wp-json\/wp\/v2\/posts"}],"about":[{"href":"https:\/\/www.ramus.je\/nejlepsi\/wp-json\/wp\/v2\/types\/post"}],"author":[{"embeddable":true,"href":"https:\/\/www.ramus.je\/nejlepsi\/wp-json\/wp\/v2\/users\/6"}],"replies":[{"embeddable":true,"href":"https:\/\/www.ramus.je\/nejlepsi\/wp-json\/wp\/v2\/comments?post=2927"}],"version-history":[{"count":0,"href":"https:\/\/www.ramus.je\/nejlepsi\/wp-json\/wp\/v2\/posts\/2927\/revisions"}],"wp:featuredmedia":[{"embeddable":true,"href":"https:\/\/www.ramus.je\/nejlepsi\/wp-json\/wp\/v2\/media\/2925"}],"wp:attachment":[{"href":"https:\/\/www.ramus.je\/nejlepsi\/wp-json\/wp\/v2\/media?parent=2927"}],"wp:term":[{"taxonomy":"category","embeddable":true,"href":"https:\/\/www.ramus.je\/nejlepsi\/wp-json\/wp\/v2\/categories?post=2927"},{"taxonomy":"post_tag","embeddable":true,"href":"https:\/\/www.ramus.je\/nejlepsi\/wp-json\/wp\/v2\/tags?post=2927"}],"curies":[{"name":"wp","href":"https:\/\/api.w.org\/{rel}","templated":true}]}}