{"id":2922,"date":"2016-09-18T19:43:38","date_gmt":"2016-09-18T18:43:38","guid":{"rendered":"https:\/\/www.ramus.je\/web\/brano-branik-srpen-2016\/"},"modified":"2016-09-18T19:43:38","modified_gmt":"2016-09-18T18:43:38","slug":"brano-branik-srpen-2016","status":"publish","type":"post","link":"https:\/\/www.ramus.je\/nejlepsi\/brano-branik-srpen-2016\/","title":{"rendered":"Bra\u0148o Bran\u00edk \/srpen 2016\/"},"content":{"rendered":"<p><a href=\"https:\/\/photos.google.com\/share\/AF1QipOu1f6cUPBQFYECD7P17ydZpIFlgil8gnjVCSPf2qT7c_Hd24VSetMuUv01__r_QQ?key=RWFvNGFvYnE3TjBOSDFWS0JxUk9FdzhFTExORmhB\"><img decoding=\"async\" style=\"float: right;\" src=\"http:\/\/www.ramus.je\/img\/webfotky\/brano_branik_2016.JPG\" alt=\"alt\" width=\"300\" \/><\/a>Moc se omlouv\u00e1me za zpo\u017ed\u011bn\u00ed s t\u00e1borov\u00fdmi fotkami. Bohu\u017eel nebylo technicky mo\u017en\u00e9 nahr\u00e1t fotky p\u0159\u00edmo na n\u00e1\u0161 web, jak b\u00fdv\u00e1 zvykem, \u010dekali jsme, zda se z\u00e1vada vy\u0159e\u0161\u00ed, jen\u017ee \u2014 nevy\u0159e\u0161ila.<\/p>\n<p>Fotky jsou tak bohu\u017eel zat\u00edm ke shl\u00e9dnut\u00ed pouze <a href=\"https:\/\/photos.google.com\/share\/AF1QipOu1f6cUPBQFYECD7P17ydZpIFlgil8gnjVCSPf2qT7c_Hd24VSetMuUv01__r_QQ?key=RWFvNGFvYnE3TjBOSDFWS0JxUk9FdzhFTExORmhB\">zde<\/a>\u00a0v extern\u00ed galerii, p\u0159\u00edmo na webu se objev\u00ed hned jakmile to polad\u00edme.<\/p>\n<p>Za\u010d\u00edn\u00e1me fotkami z t\u00e1bora legend\u00e1rn\u00edho, fotky z t\u00e1bora drsn\u00e9ho \u010dekejte za p\u00e1r dn\u00ed. P\u0159ejeme p\u0159\u00edjemn\u00e9 prohl\u00ed\u017een\u00ed!<\/p>\n","protected":false},"excerpt":{"rendered":"<p>Moc se omlouv\u00e1me za zpo\u017ed\u011bn\u00ed s t\u00e1borov\u00fdmi fotkami. Bohu\u017eel nebylo technicky mo\u017en\u00e9 nahr\u00e1t fotky p\u0159\u00edmo na n\u00e1\u0161 web, jak b\u00fdv\u00e1 zvykem, \u010dekali jsme, zda se z\u00e1vada vy\u0159e\u0161\u00ed, jen\u017ee \u2014 nevy\u0159e\u0161ila. Fotky jsou tak bohu\u017eel zat\u00edm ke shl\u00e9dnut\u00ed pouze zde\u00a0v extern\u00ed galerii, p\u0159\u00edmo na webu se objev\u00ed hned jakmile to polad\u00edme. Za\u010d\u00edn\u00e1me fotkami z t\u00e1bora legend\u00e1rn\u00edho, &hellip; <a href=\"https:\/\/www.ramus.je\/nejlepsi\/brano-branik-srpen-2016\/\" class=\"more-link\">Continue reading<span class=\"screen-reader-text\"> &#8222;Bra\u0148o Bran\u00edk \/srpen 2016\/&#8220;<\/span><\/a><\/p>\n","protected":false},"author":6,"featured_media":0,"comment_status":"open","ping_status":"open","sticky":false,"template":"","format":"standard","meta":{"ngg_post_thumbnail":0,"footnotes":""},"categories":[213],"tags":[],"class_list":["post-2922","post","type-post","status-publish","format-standard","hentry","category-novinky"],"_links":{"self":[{"href":"https:\/\/www.ramus.je\/nejlepsi\/wp-json\/wp\/v2\/posts\/2922","targetHints":{"allow":["GET"]}}],"collection":[{"href":"https:\/\/www.ramus.je\/nejlepsi\/wp-json\/wp\/v2\/posts"}],"about":[{"href":"https:\/\/www.ramus.je\/nejlepsi\/wp-json\/wp\/v2\/types\/post"}],"author":[{"embeddable":true,"href":"https:\/\/www.ramus.je\/nejlepsi\/wp-json\/wp\/v2\/users\/6"}],"replies":[{"embeddable":true,"href":"https:\/\/www.ramus.je\/nejlepsi\/wp-json\/wp\/v2\/comments?post=2922"}],"version-history":[{"count":0,"href":"https:\/\/www.ramus.je\/nejlepsi\/wp-json\/wp\/v2\/posts\/2922\/revisions"}],"wp:attachment":[{"href":"https:\/\/www.ramus.je\/nejlepsi\/wp-json\/wp\/v2\/media?parent=2922"}],"wp:term":[{"taxonomy":"category","embeddable":true,"href":"https:\/\/www.ramus.je\/nejlepsi\/wp-json\/wp\/v2\/categories?post=2922"},{"taxonomy":"post_tag","embeddable":true,"href":"https:\/\/www.ramus.je\/nejlepsi\/wp-json\/wp\/v2\/tags?post=2922"}],"curies":[{"name":"wp","href":"https:\/\/api.w.org\/{rel}","templated":true}]}}