{"id":2912,"date":"2016-07-11T18:34:41","date_gmt":"2016-07-11T17:34:41","guid":{"rendered":"https:\/\/www.ramus.je\/web\/dalsi-zarez-do-zapisniku\/"},"modified":"2022-05-16T11:18:44","modified_gmt":"2022-05-16T10:18:44","slug":"dalsi-zarez-do-zapisniku","status":"publish","type":"post","link":"https:\/\/www.ramus.je\/nejlepsi\/dalsi-zarez-do-zapisniku\/","title":{"rendered":"Dal\u0161\u00ed z\u00e1\u0159ez do z\u00e1pisn\u00edku"},"content":{"rendered":"<p><a href=\"https:\/\/www.ramus.je\/nejlepsi\/roadtripseverni\/\"><img loading=\"lazy\" decoding=\"async\" style=\"float: right;\" src=\"http:\/\/ramus.je\/img\/archiv\/zapisnik\/roadtrip_severni\/roadtrip_severni3.jpg\" alt=\"alt\" width=\"201\" height=\"271\" \/><\/a>V kv\u011btnu se pod hlavi\u010dkou Ramusu uskute\u010dnil t\u0159et\u00ed roadtrip, tentokr\u00e1t sm\u011br sever. Dev\u00edti\u010dlenn\u00e1 pos\u00e1dka nav\u0161t\u00edvila Krakov, Osv\u011btim, Var\u0161avu i Vilnius. O tom, jak\u00e9 to bylo, si m\u016f\u017eete p\u0159e\u010d\u00edst v n\u00e1sleduj\u00edc\u00edm <a href=\"https:\/\/www.ramus.je\/nejlepsi\/roadtripseverni\/\">den\u00edku<\/a>. Lyrick\u00e9 z\u00e1pisky pln\u00e9 such\u00e9ho humoru tentokr\u00e1t sepsal Filip Dominec:<\/p>\n<p><a href=\"https:\/\/www.ramus.je\/nejlepsi\/roadtripseverni\/\"><em>(&#8230;) Trochu zmateni p\u0159ij\u00ed\u017ed\u00edme na parkovi\u0161t\u011b u muzea druh\u00e9ho t\u00e1bora v B\u0159ezince. Ur\u010dit\u00e9 zmatky v rozhodov\u00e1n\u00ed n\u00e1s vedou k zame\u0161k\u00e1n\u00ed stanoven\u00e9 hodiny, kdy jsme m\u011bli domluven\u00fd vstup bez pr\u016fvodce zdarma, ale nakonec i tady zaberou na\u0161e zku\u0161enosti s citov\u00fdm vyd\u00edr\u00e1n\u00edm lid\u00ed s odkazem na paraplegickou \u010d\u00e1st na\u0161\u00ed v\u00fdpravy a pronik\u00e1me do t\u00e1bora levn\u011b&#8230; (&#8230;)<\/em><\/a><\/p>\n","protected":false},"excerpt":{"rendered":"<p>V kv\u011btnu se pod hlavi\u010dkou Ramusu uskute\u010dnil t\u0159et\u00ed roadtrip, tentokr\u00e1t sm\u011br sever. Dev\u00edti\u010dlenn\u00e1 pos\u00e1dka nav\u0161t\u00edvila Krakov, Osv\u011btim, Var\u0161avu i Vilnius. O tom, jak\u00e9 to bylo, si m\u016f\u017eete p\u0159e\u010d\u00edst v n\u00e1sleduj\u00edc\u00edm den\u00edku. Lyrick\u00e9 z\u00e1pisky pln\u00e9 such\u00e9ho humoru tentokr\u00e1t sepsal Filip Dominec: (&#8230;) Trochu zmateni p\u0159ij\u00ed\u017ed\u00edme na parkovi\u0161t\u011b u muzea druh\u00e9ho t\u00e1bora v B\u0159ezince. Ur\u010dit\u00e9 zmatky v &hellip; <a href=\"https:\/\/www.ramus.je\/nejlepsi\/dalsi-zarez-do-zapisniku\/\" class=\"more-link\">Continue reading<span class=\"screen-reader-text\"> &#8222;Dal\u0161\u00ed z\u00e1\u0159ez do z\u00e1pisn\u00edku&#8220;<\/span><\/a><\/p>\n","protected":false},"author":6,"featured_media":0,"comment_status":"open","ping_status":"open","sticky":false,"template":"","format":"standard","meta":{"ngg_post_thumbnail":0,"footnotes":""},"categories":[213],"tags":[],"class_list":["post-2912","post","type-post","status-publish","format-standard","hentry","category-novinky"],"_links":{"self":[{"href":"https:\/\/www.ramus.je\/nejlepsi\/wp-json\/wp\/v2\/posts\/2912","targetHints":{"allow":["GET"]}}],"collection":[{"href":"https:\/\/www.ramus.je\/nejlepsi\/wp-json\/wp\/v2\/posts"}],"about":[{"href":"https:\/\/www.ramus.je\/nejlepsi\/wp-json\/wp\/v2\/types\/post"}],"author":[{"embeddable":true,"href":"https:\/\/www.ramus.je\/nejlepsi\/wp-json\/wp\/v2\/users\/6"}],"replies":[{"embeddable":true,"href":"https:\/\/www.ramus.je\/nejlepsi\/wp-json\/wp\/v2\/comments?post=2912"}],"version-history":[{"count":1,"href":"https:\/\/www.ramus.je\/nejlepsi\/wp-json\/wp\/v2\/posts\/2912\/revisions"}],"predecessor-version":[{"id":3195,"href":"https:\/\/www.ramus.je\/nejlepsi\/wp-json\/wp\/v2\/posts\/2912\/revisions\/3195"}],"wp:attachment":[{"href":"https:\/\/www.ramus.je\/nejlepsi\/wp-json\/wp\/v2\/media?parent=2912"}],"wp:term":[{"taxonomy":"category","embeddable":true,"href":"https:\/\/www.ramus.je\/nejlepsi\/wp-json\/wp\/v2\/categories?post=2912"},{"taxonomy":"post_tag","embeddable":true,"href":"https:\/\/www.ramus.je\/nejlepsi\/wp-json\/wp\/v2\/tags?post=2912"}],"curies":[{"name":"wp","href":"https:\/\/api.w.org\/{rel}","templated":true}]}}