{"id":2910,"date":"2016-07-08T21:22:01","date_gmt":"2016-07-08T20:22:01","guid":{"rendered":"https:\/\/www.ramus.je\/web\/taburekdotretice\/"},"modified":"2016-07-08T21:22:01","modified_gmt":"2016-07-08T20:22:01","slug":"taburekdotretice","status":"publish","type":"post","link":"https:\/\/www.ramus.je\/nejlepsi\/taburekdotretice\/","title":{"rendered":"T\u00e1b\u016frek do t\u0159etice"},"content":{"rendered":"\n<p><a href=\"index.php\/archiv\/galerie?view=album&#038;album=6305061654211121281&#038;page=1\"><img decoding=\"async\" style=\"float: right;\" src=\"http:\/\/ramus.je\/img\/webfotky\/taburek_cervenec16.jpg\" alt=\"alt\" width=\"300\" \/><\/a>Bylo nebylo, v roce 2014 byl o na\u0161e letn\u00ed t\u00e1bory tak velik\u00fd z\u00e1jem, \u017ee jsme se rozhodli uspo\u0159\u00e1dat t\u00e1bor t\u0159et\u00ed \u2014 p\u011btidenn\u00ed t\u00e1b\u016frek!<\/p>\n<p>\u00a0Stala se z toho hezk\u00e1 tradice, a tak jsme se te\u010f ve st\u0159edu vr\u00e1tili z t\u00e1b\u016frku, kter\u00fd se m\u016f\u017ee py\u0161nit po\u0159adov\u00fdm \u010d\u00edslem t\u0159i. Hodn\u011b jsme odpo\u010d\u00edvali a m\u00e1lo se stresovali \u2015\u00a0<a href=\"index.php\/archiv\/galerie?view=album&#038;album=6305061654211121281&#038;page=1\">fotky budi\u017e d\u016fkazem<\/a>.<\/p>\n<p>D\u011bkujeme moc <a href=\"http:\/\/www.vallila.cz\/\">Villa Vallila<\/a>, kde jsme str\u00e1vili z\u00e1v\u011bre\u010dnou noc, kde jsme si zahr\u00e1li z\u00e1pas v p\u0159ehazce, a kde n\u00e1m slepice se\u017eraly meloun \ud83d\ude42<\/p>\n","protected":false},"excerpt":{"rendered":"<p>Bylo nebylo, v roce 2014 byl o na\u0161e letn\u00ed t\u00e1bory tak velik\u00fd z\u00e1jem, \u017ee jsme se rozhodli uspo\u0159\u00e1dat t\u00e1bor t\u0159et\u00ed \u2014 p\u011btidenn\u00ed t\u00e1b\u016frek! \u00a0Stala se z toho hezk\u00e1 tradice, a tak jsme se te\u010f ve st\u0159edu vr\u00e1tili z t\u00e1b\u016frku, kter\u00fd se m\u016f\u017ee py\u0161nit po\u0159adov\u00fdm \u010d\u00edslem t\u0159i. Hodn\u011b jsme odpo\u010d\u00edvali a m\u00e1lo se stresovali \u2015\u00a0fotky budi\u017e &hellip; <a href=\"https:\/\/www.ramus.je\/nejlepsi\/taburekdotretice\/\" class=\"more-link\">Continue reading<span class=\"screen-reader-text\"> &#8222;T\u00e1b\u016frek do t\u0159etice&#8220;<\/span><\/a><\/p>\n","protected":false},"author":6,"featured_media":0,"comment_status":"open","ping_status":"open","sticky":false,"template":"","format":"standard","meta":{"ngg_post_thumbnail":0,"footnotes":""},"categories":[213],"tags":[],"class_list":["post-2910","post","type-post","status-publish","format-standard","hentry","category-novinky"],"_links":{"self":[{"href":"https:\/\/www.ramus.je\/nejlepsi\/wp-json\/wp\/v2\/posts\/2910","targetHints":{"allow":["GET"]}}],"collection":[{"href":"https:\/\/www.ramus.je\/nejlepsi\/wp-json\/wp\/v2\/posts"}],"about":[{"href":"https:\/\/www.ramus.je\/nejlepsi\/wp-json\/wp\/v2\/types\/post"}],"author":[{"embeddable":true,"href":"https:\/\/www.ramus.je\/nejlepsi\/wp-json\/wp\/v2\/users\/6"}],"replies":[{"embeddable":true,"href":"https:\/\/www.ramus.je\/nejlepsi\/wp-json\/wp\/v2\/comments?post=2910"}],"version-history":[{"count":0,"href":"https:\/\/www.ramus.je\/nejlepsi\/wp-json\/wp\/v2\/posts\/2910\/revisions"}],"wp:attachment":[{"href":"https:\/\/www.ramus.je\/nejlepsi\/wp-json\/wp\/v2\/media?parent=2910"}],"wp:term":[{"taxonomy":"category","embeddable":true,"href":"https:\/\/www.ramus.je\/nejlepsi\/wp-json\/wp\/v2\/categories?post=2910"},{"taxonomy":"post_tag","embeddable":true,"href":"https:\/\/www.ramus.je\/nejlepsi\/wp-json\/wp\/v2\/tags?post=2910"}],"curies":[{"name":"wp","href":"https:\/\/api.w.org\/{rel}","templated":true}]}}