{"id":2896,"date":"2016-06-01T22:00:24","date_gmt":"2016-06-01T21:00:24","guid":{"rendered":"https:\/\/www.ramus.je\/web\/pod-plachtou\/"},"modified":"2016-06-01T22:00:24","modified_gmt":"2016-06-01T21:00:24","slug":"pod-plachtou","status":"publish","type":"post","link":"https:\/\/www.ramus.je\/nejlepsi\/pod-plachtou\/","title":{"rendered":"Pod plachtou"},"content":{"rendered":"<p><a href=\"http:\/\/www.ramus.je\/nejlepsi\/index.php\/archiv\/galerie?view=album&#038;album=6291345096555426609&#038;page=1\"><\/a><\/p>\n<p><a href=\"http:\/\/www.ramus.je\/nejlepsi\/index.php\/archiv\/galerie?view=album&#038;album=6291345096555426609&#038;page=1\"><img decoding=\"async\" class=\" alignright size-full wp-image-2895\" style=\"float: right;\" src=\"https:\/\/www.ramus.je\/nejlepsi\/wp-content\/uploads\/2016\/06\/u_domku_kveten16.jpg\" alt=\"alt\" width=\"300\" srcset=\"https:\/\/www.ramus.je\/nejlepsi\/wp-content\/uploads\/2016\/06\/u_domku_kveten16.jpg 800w, https:\/\/www.ramus.je\/nejlepsi\/wp-content\/uploads\/2016\/06\/u_domku_kveten16-300x200.jpg 300w, https:\/\/www.ramus.je\/nejlepsi\/wp-content\/uploads\/2016\/06\/u_domku_kveten16-768x512.jpg 768w, https:\/\/www.ramus.je\/nejlepsi\/wp-content\/uploads\/2016\/06\/u_domku_kveten16-720x480.jpg 720w, https:\/\/www.ramus.je\/nejlepsi\/wp-content\/uploads\/2016\/06\/u_domku_kveten16-120x80.jpg 120w\" sizes=\"(min-width: 960px) 75vw, 100vw\" \/><\/a>V ned\u011bli jsme se vr\u00e1tili z kv\u011btnov\u00e9 v\u00edkendovky. Nejl\u00e9pe by se dala popsat jako<em> eko-techno<\/em>:\u00a0coby z\u00e1zem\u00ed n\u00e1m poslou\u017eil hlin\u011bn\u00fd domek na\u0161eho kamar\u00e1da Vil\u00e9ma (d\u00edky!), samotn\u00e9 span\u00ed\u00a0vy\u0159e\u0161ili na\u0161i in\u017een\u00fd\u0159i pomoc\u00ed jedn\u00e9 velik\u00e9 plachty a jedn\u00e9 modr\u00e9 dod\u00e1vky.<\/p>\n<p><a href=\"http:\/\/www.ramus.je\/nejlepsi\/index.php\/archiv\/galerie?view=album&#038;album=6291345096555426609&#038;page=1\"><\/a><\/p>\n<p><a href=\"http:\/\/www.ramus.je\/nejlepsi\/index.php\/archiv\/galerie?view=album&#038;album=6291345096555426609&#038;page=1\">Koukn\u011bte na album pln\u00e9 kr\u00e1sn\u00fdch lid\u00ed!<\/a><\/p>\n","protected":false},"excerpt":{"rendered":"<p>V ned\u011bli jsme se vr\u00e1tili z kv\u011btnov\u00e9 v\u00edkendovky. Nejl\u00e9pe by se dala popsat jako eko-techno:\u00a0coby z\u00e1zem\u00ed n\u00e1m poslou\u017eil hlin\u011bn\u00fd domek na\u0161eho kamar\u00e1da Vil\u00e9ma (d\u00edky!), samotn\u00e9 span\u00ed\u00a0vy\u0159e\u0161ili na\u0161i in\u017een\u00fd\u0159i pomoc\u00ed jedn\u00e9 velik\u00e9 plachty a jedn\u00e9 modr\u00e9 dod\u00e1vky. Koukn\u011bte na album pln\u00e9 kr\u00e1sn\u00fdch lid\u00ed!<\/p>\n","protected":false},"author":6,"featured_media":2894,"comment_status":"open","ping_status":"open","sticky":false,"template":"","format":"standard","meta":{"ngg_post_thumbnail":0,"footnotes":""},"categories":[213],"tags":[],"class_list":["post-2896","post","type-post","status-publish","format-standard","has-post-thumbnail","hentry","category-novinky"],"_links":{"self":[{"href":"https:\/\/www.ramus.je\/nejlepsi\/wp-json\/wp\/v2\/posts\/2896","targetHints":{"allow":["GET"]}}],"collection":[{"href":"https:\/\/www.ramus.je\/nejlepsi\/wp-json\/wp\/v2\/posts"}],"about":[{"href":"https:\/\/www.ramus.je\/nejlepsi\/wp-json\/wp\/v2\/types\/post"}],"author":[{"embeddable":true,"href":"https:\/\/www.ramus.je\/nejlepsi\/wp-json\/wp\/v2\/users\/6"}],"replies":[{"embeddable":true,"href":"https:\/\/www.ramus.je\/nejlepsi\/wp-json\/wp\/v2\/comments?post=2896"}],"version-history":[{"count":0,"href":"https:\/\/www.ramus.je\/nejlepsi\/wp-json\/wp\/v2\/posts\/2896\/revisions"}],"wp:featuredmedia":[{"embeddable":true,"href":"https:\/\/www.ramus.je\/nejlepsi\/wp-json\/wp\/v2\/media\/2894"}],"wp:attachment":[{"href":"https:\/\/www.ramus.je\/nejlepsi\/wp-json\/wp\/v2\/media?parent=2896"}],"wp:term":[{"taxonomy":"category","embeddable":true,"href":"https:\/\/www.ramus.je\/nejlepsi\/wp-json\/wp\/v2\/categories?post=2896"},{"taxonomy":"post_tag","embeddable":true,"href":"https:\/\/www.ramus.je\/nejlepsi\/wp-json\/wp\/v2\/tags?post=2896"}],"curies":[{"name":"wp","href":"https:\/\/api.w.org\/{rel}","templated":true}]}}