{"id":2887,"date":"2016-05-08T21:18:49","date_gmt":"2016-05-08T20:18:49","guid":{"rendered":"https:\/\/www.ramus.je\/web\/bazarek-je-zase-tady\/"},"modified":"2016-05-08T21:18:49","modified_gmt":"2016-05-08T20:18:49","slug":"bazarek-je-zase-tady","status":"publish","type":"post","link":"https:\/\/www.ramus.je\/nejlepsi\/bazarek-je-zase-tady\/","title":{"rendered":"Baz\u00e1rek je zase tady"},"content":{"rendered":"<p><a href=\"http:\/\/www.ramus.je\/img\/webfotky\/bazarek_kveten16.jpg\"><img decoding=\"async\" style=\"float: right;\" src=\"http:\/\/www.ramus.je\/img\/webfotky\/bazarek_kveten16.jpg\" alt=\"alt\" width=\"300\" \/><\/a>P\u0159\u00edpravy na benefi\u010dn\u00ed baz\u00e1rek v Lu\u017eeni\u010dk\u00e1ch jsou v pln\u00e9m proudu! Br\u00e1ny tamn\u00edho kulturn\u00edho domu se otev\u0159ou ji\u017e p\u0159\u00ed\u0161t\u00ed v\u00edkend, tak nev\u00e1hejte a sje\u010fte si tam nakoupit stylov\u00fd oble\u010dky na letn\u00ed sez\u00f3nu! Pro\u010d?<\/p>\n<p>Proto\u017ee a pon\u011bvad\u017e finan\u010dn\u00ed obnos, kter\u00fd se na baz\u00e1rku utr\u017e\u00ed, bude rozd\u011blen mezi n\u011bkolik neziskov\u00fdch organizac\u00ed, mezi kter\u00e9 ji\u017e pon\u011bkolik\u00e1t\u00e9 pat\u0159\u00ed i Ramus.<\/p>\n<p>Jsme tomu moc r\u00e1di a budeme na m\u00edst\u011b \u010d\u00edhat s k\u00e1vou a limon\u00e1dama. Tak navid\u011bnou!<\/p>\n","protected":false},"excerpt":{"rendered":"<p>P\u0159\u00edpravy na benefi\u010dn\u00ed baz\u00e1rek v Lu\u017eeni\u010dk\u00e1ch jsou v pln\u00e9m proudu! Br\u00e1ny tamn\u00edho kulturn\u00edho domu se otev\u0159ou ji\u017e p\u0159\u00ed\u0161t\u00ed v\u00edkend, tak nev\u00e1hejte a sje\u010fte si tam nakoupit stylov\u00fd oble\u010dky na letn\u00ed sez\u00f3nu! Pro\u010d? Proto\u017ee a pon\u011bvad\u017e finan\u010dn\u00ed obnos, kter\u00fd se na baz\u00e1rku utr\u017e\u00ed, bude rozd\u011blen mezi n\u011bkolik neziskov\u00fdch organizac\u00ed, mezi kter\u00e9 ji\u017e pon\u011bkolik\u00e1t\u00e9 pat\u0159\u00ed i Ramus. &hellip; <a href=\"https:\/\/www.ramus.je\/nejlepsi\/bazarek-je-zase-tady\/\" class=\"more-link\">Continue reading<span class=\"screen-reader-text\"> &#8222;Baz\u00e1rek je zase tady&#8220;<\/span><\/a><\/p>\n","protected":false},"author":6,"featured_media":0,"comment_status":"open","ping_status":"open","sticky":false,"template":"","format":"standard","meta":{"ngg_post_thumbnail":0,"footnotes":""},"categories":[213],"tags":[],"class_list":["post-2887","post","type-post","status-publish","format-standard","hentry","category-novinky"],"_links":{"self":[{"href":"https:\/\/www.ramus.je\/nejlepsi\/wp-json\/wp\/v2\/posts\/2887","targetHints":{"allow":["GET"]}}],"collection":[{"href":"https:\/\/www.ramus.je\/nejlepsi\/wp-json\/wp\/v2\/posts"}],"about":[{"href":"https:\/\/www.ramus.je\/nejlepsi\/wp-json\/wp\/v2\/types\/post"}],"author":[{"embeddable":true,"href":"https:\/\/www.ramus.je\/nejlepsi\/wp-json\/wp\/v2\/users\/6"}],"replies":[{"embeddable":true,"href":"https:\/\/www.ramus.je\/nejlepsi\/wp-json\/wp\/v2\/comments?post=2887"}],"version-history":[{"count":0,"href":"https:\/\/www.ramus.je\/nejlepsi\/wp-json\/wp\/v2\/posts\/2887\/revisions"}],"wp:attachment":[{"href":"https:\/\/www.ramus.je\/nejlepsi\/wp-json\/wp\/v2\/media?parent=2887"}],"wp:term":[{"taxonomy":"category","embeddable":true,"href":"https:\/\/www.ramus.je\/nejlepsi\/wp-json\/wp\/v2\/categories?post=2887"},{"taxonomy":"post_tag","embeddable":true,"href":"https:\/\/www.ramus.je\/nejlepsi\/wp-json\/wp\/v2\/tags?post=2887"}],"curies":[{"name":"wp","href":"https:\/\/api.w.org\/{rel}","templated":true}]}}