{"id":2886,"date":"2016-04-27T00:00:00","date_gmt":"2016-04-26T23:00:00","guid":{"rendered":"https:\/\/www.ramus.je\/web\/2016-duben-sverak-citron\/"},"modified":"2016-04-27T00:00:00","modified_gmt":"2016-04-26T23:00:00","slug":"2016-duben-sverak-citron","status":"publish","type":"post","link":"https:\/\/www.ramus.je\/nejlepsi\/2016-duben-sverak-citron\/","title":{"rendered":"\/ 2016 \/ duben \/ Sv\u011br\u00e1k s citr\u00f3nem"},"content":{"rendered":"<p>Po velikono\u010dn\u00ed v\u00edkendovce, kter\u00e1 byla tak trochu partyz\u00e1nsk\u00e1 a o den del\u0161\u00ed ne\u017e obvykle, p\u0159i\u0161la\u00a0v\u00edkendovka op\u011bt speci\u00e1ln\u00ed: MEGAV\u00cdKENDOVKA. K\u00a0tradi\u010dn\u00edmu slo\u017een\u00ed legend\u00e1rn\u00edch v\u00edkendovek se\u00a0p\u0159idalo i p\u00e1r kamar\u00e1d\u016f \u2018drs\u0148\u00e1k\u016f\u2018 a celkem n\u00e1s byl ranec, v\u00edc jak 50.\u00a0Cesta byla pohodln\u00e1, i kdy\u017e\u00a0dlouh\u00e1, proto\u017ee jsme m\u011bli nam\u00ed\u0159eno a\u017e na kraj Vyso\u010diny do vesni\u010dky Pohledec a m\u00edstn\u00edho KD\u00e9\u010dka (\u010dti\u00a0kulturn\u00ed d\u016fm).<\/p>\n<p><img decoding=\"async\" src=\"http:\/\/www.ramus.je\/img\/archiv\/zapisnik\/sverakscitronem\/1.jpg\" alt=\"alt\" width=\"300\" \/>Ned\u00e1vno jsme p\u0159e\u0161li z\u00a0tradi\u010dn\u00edho konceptu legend\u00e1rn\u00edch v\u00edkend\u016f s\u00a0hrou na voln\u011bj\u0161\u00ed tematick\u00e9\u00a0v\u00edkendy, tak\u017ee \u00fakolem na\u0161eho organiza\u010dn\u00edho t\u00fdmu (Marta, J\u00ed\u0165a a Lenka) bylo naj\u00edt to spr\u00e1vn\u00e9 t\u00e9ma.\u00a0Kdy\u017e jsme pl\u00e1novaly trasu proch\u00e1zky, tak na n\u00e1s vysko\u010dil pam\u00e1tn\u00edk J\u00e1ry Cimrmana a od n\u011bj u\u017e je to\u00a0jen kr\u016f\u010dek k\u00a0jeho spolutv\u016frci Zde\u0148ku Sv\u011br\u00e1kovi. Sv\u011br\u00e1k je vd\u011b\u010dn\u00e9 t\u00e9ma, mohly jsme se vy\u017e\u00edt v jeho\u00a0divadeln\u00edch hr\u00e1ch, filmech i p\u00edsni\u010dk\u00e1ch. A nav\u00edc ned\u00e1vno oslavil 80tiny!<\/p>\n<p>P\u0159ijeli jsme za tmy, na m\u00edst\u011b u\u017e na n\u00e1s \u010dekala dod\u00e1vka a po no\u010dn\u00ed proch\u00e1zce \u0161la v\u011bt\u0161ina rovnou sp\u00e1t.\u00a0KD\u00e9\u010dko bylo fakt prostorn\u00fd, tak\u017ee jsme se snad poprv\u00e9 v\u0161ichni ve\u0161li do jedn\u00e9 m\u00edstnosti a to s\u00a0velkou\u00a0rezervou. M\u00e1 to sv\u00e9 v\u00fdhody i nev\u00fdhody \ud83d\ude42 P\u0159edpov\u011b\u010f po\u010das\u00ed byla stra\u0161ideln\u00e1, ale my jsme v sobotu\u00a0r\u00e1no vyrazili na tradi\u010dn\u00ed proch\u00e1zku po okol\u00ed. V lese n\u00e1s dojela dod\u00e1vka s barevn\u00fdm n\u00e1kladem &#8211;\u00a0\u0159epovou a hr\u00e1\u0161kovou pomaz\u00e1nkou. Ostatn\u011b kuchyn\u011b byla tenhle v\u00edkend velmi neot\u0159el\u00e1, za m\u011b \u010do\u010dka s\u00a0kokosem absolutn\u00ed pecka!<\/p>\n<p>\u00a0Na proch\u00e1zce kone\u010dn\u011b prasklo t\u00e9ma v\u00edkendovky a na v\u0161echny \u010dekal po n\u00e1vratu filmov\u00fd kv\u00edz. Obecn\u00e1\u00a0\u0161kola, Vesni\u010dko m\u00e1 st\u0159ediskov\u00e1, Vrchn\u00ed prchni a T\u0159i veter\u00e1ni.\u00a0Tak tyhle filmy zn\u00e1 skoro ka\u017ed\u00fd, ale\u00a0h\u00e1dat zaj\u00edmavosti z nat\u00e1\u010den\u00ed nebo pokra\u010dov\u00e1n\u00ed jednotliv\u00fdch sc\u00e9n bylo n\u00e1ro\u010dn\u00fd na pam\u011b\u0165, fantazii,\u00a0odhad i domluvu ve skupince. Zvl\u00e1\u0161\u0165 u otev\u0159en\u00fdch ot\u00e1zek. Otestujte se sami na v\u00fdb\u011bru ot\u00e1zek n\u00ed\u017ee.<\/p>\n<p><img decoding=\"async\" src=\"http:\/\/www.ramus.je\/img\/archiv\/zapisnik\/sverakscitronem\/5.jpg\" alt=\"alt\" width=\"300\" \/>P\u0159ed v\u00e9\u010dou jsme si s J\u00ed\u0165ou je\u0161t\u011b zazp\u00edvali p\u00edsni\u010dky Sv\u011br\u00e1ka a Uhl\u00ed\u0159e. Jinak jak jsem zm\u00ednila, spole\u010dn\u00e1\u00a0m\u00edstnost byla velik\u00e1, nav\u00edc ze stropu visela diskokoule a na filmy jsme s sebou m\u011bli prom\u00edta\u010dku i\u00a0bedni\u010dky. Tak\u017ee se v\u00edc jak nab\u00edzela ve\u010dern\u00ed diskot\u00e9ka! Playlist se skl\u00e1dal z p\u00edsni\u010dek na p\u0159\u00e1n\u00ed a kdo\u00a0cht\u011bl, tak si p\u011bkn\u011b zatrsal.<\/p>\n<p>Ned\u011bln\u00ed r\u00e1no jsme za\u010dali hrou s citr\u00f3nem. Chodila jsem po kruhu s kousky citr\u00f3n\u016f a dobrovoln\u00edk\u00a0uprost\u0159ed h\u00e1dal, komu jsem ten kousek dala do pusy. Samoz\u0159ejm\u011b ostatn\u00ed mohli blafovat. Koukn\u011bte\u00a0na fotky: kamenn\u00fd tv\u00e1\u0159e, \u0161kleby a sm\u00edch najednou! Na z\u00e1v\u011br v\u00edkendovky jsme si je\u0161t\u011b zahr\u00e1li na\u00a0filma\u0159e. Po skupink\u00e1ch jsme si vyzkou\u0161eli mask\u00e9rnu, zvukovou postprodukci, psan\u00ed sc\u00e9n\u00e1\u0159e, st\u0159ih sc\u00e9n\u00a0a nat\u00e1\u010den\u00ed na place. Za profesion\u00e1ln\u00ed \u00farove\u0148 a srandu velk\u00fd D\u00cdK dvojc\u00edm drs\u0148\u00e1k\u016f a asistent\u016f, cop\u0159ipravily jednotliv\u00e1 stanovi\u0161t\u011b.<\/p>\n<p><img decoding=\"async\" style=\"float: right;\" src=\"http:\/\/www.ramus.je\/img\/archiv\/zapisnik\/sverakscitronem\/3.jpg\" alt=\"alt\" width=\"300\" \/>Kdy\u017e jsme \u010dekali na pohledeck\u00e9m n\u00e1dra\u017e\u00ed na vlak, tak n\u00e1m sv\u00edtilo slunce a padal sn\u00edh. Kr\u00e1sn\u00fd, ale jako\u00a024.4.?! No nakonec n\u00e1m to \u0161\u00edlen\u00fd po\u010das\u00ed v\u00edkend v\u016fbec neznep\u0159\u00edjemnilo, ikdy\u017e v kv\u011btnu si zas ur\u010dit\u011b\u00a0beru kulicha s sebou. Zatim!<\/p>\n<p class=\"dragclass\"><strong>Minikv\u00edz z Megav\u00edkendovky\u00a0<\/strong><\/p>\n<p><strong>1. Film Obecn\u00e1 \u0161kola je o Sv\u011br\u00e1kovym d\u011btstv\u00ed. Co z uveden\u00e9ho nen\u00ed pravda?<br \/><\/strong><em>a. Ve filmu se v jedn\u00e9 sc\u00e9n\u011b objevila Sv\u011br\u00e1kova prav\u00e1 maminka.<\/em><br \/><em>b. Sv\u011br\u00e1k m\u011bl v d\u011btstv\u00ed p\u0159\u00edsn\u00e9ho u\u010ditele Igora, kter\u00fd byl p\u0159edlohou Igora Hn\u00edzda.<\/em><br \/><em>c. D\u016fm, ve kter\u00e9m bydlela rodina hlavn\u00edho hrdiny je ve skute\u010dnosti Sv\u011br\u00e1k\u016fv rodn\u00fd\u00a0d\u016fm.<br \/>d. Sv\u011br\u00e1k m\u011bl stejn\u011b jako hlavn\u00ed hrdina star\u0161\u00edho bratra, kter\u00fd jako mal\u00fd \u0161l\u00e1pl na zrezl\u00fd\u00a0h\u0159eb\u00edk a zem\u0159el. Pot\u00e9 se narodil n\u00e1m zn\u00e1m\u00fd Sv\u011br\u00e1k a rodi\u010de ho pojmenovali po n\u011bm\u00a0tak\u00e9 Zden\u011bk.<\/em><\/p>\n<p><strong>2. Ot\u00edk z filmu Vesni\u010dko m\u00e1 st\u0159ediskov\u00e1 r\u00e1d nosil sluch\u00e1tka. Pro\u010d?<\/strong><\/p>\n<p><strong>3. Jak dlouho trvalo, ne\u017e princezn\u011b z poh\u00e1dky T\u0159i veter\u00e1ni mask\u00e9\u0159i p\u0159ipravili 2,5m dlouh\u00fd nos na\u00a0nat\u00e1\u010den\u00ed?<\/strong><\/p>\n<p><strong>4. V jedn\u00e9 sc\u00e9n\u011b filmu Vrchn\u00ed, prchni m\u00e1 Sv\u011br\u00e1k na \u010dele n\u00e1plast, kter\u00e1 ale v\u016fbec nesouvis\u00ed s jeho\u00a0postavou ve filmu. Jak se mu to stalo?<br \/><\/strong><em>a) Zamiloval se p\u0159i nat\u00e1\u010den\u00ed do jedn\u00e9 here\u010dky a popral se kv\u016fli n\u00ed.<\/em><br \/><em>b) Cestou na nat\u00e1\u010den\u00ed jel na kole, zamyslel se a narazil do stromu.<\/em><br \/><em>c) Hr\u00e1l se Smoljakem ve voln\u00e9m \u010dase hokej a \u0159\u00edzl se o brusli.<\/em><\/p>\n","protected":false},"excerpt":{"rendered":"<p>Po velikono\u010dn\u00ed v\u00edkendovce, kter\u00e1 byla tak trochu partyz\u00e1nsk\u00e1 a o den del\u0161\u00ed ne\u017e obvykle, p\u0159i\u0161la\u00a0v\u00edkendovka op\u011bt speci\u00e1ln\u00ed: MEGAV\u00cdKENDOVKA. K\u00a0tradi\u010dn\u00edmu slo\u017een\u00ed legend\u00e1rn\u00edch v\u00edkendovek se\u00a0p\u0159idalo i p\u00e1r kamar\u00e1d\u016f \u2018drs\u0148\u00e1k\u016f\u2018 a celkem n\u00e1s byl ranec, v\u00edc jak 50.\u00a0Cesta byla pohodln\u00e1, i kdy\u017e\u00a0dlouh\u00e1, proto\u017ee jsme m\u011bli nam\u00ed\u0159eno a\u017e na kraj Vyso\u010diny do vesni\u010dky Pohledec a m\u00edstn\u00edho KD\u00e9\u010dka (\u010dti\u00a0kulturn\u00ed d\u016fm). &hellip; <a href=\"https:\/\/www.ramus.je\/nejlepsi\/2016-duben-sverak-citron\/\" class=\"more-link\">Continue reading<span class=\"screen-reader-text\"> &#8222;\/ 2016 \/ duben \/ Sv\u011br\u00e1k s citr\u00f3nem&#8220;<\/span><\/a><\/p>\n","protected":false},"author":6,"featured_media":0,"comment_status":"open","ping_status":"open","sticky":false,"template":"","format":"standard","meta":{"ngg_post_thumbnail":0,"footnotes":""},"categories":[222],"tags":[],"class_list":["post-2886","post","type-post","status-publish","format-standard","hentry","category-zapisnik"],"_links":{"self":[{"href":"https:\/\/www.ramus.je\/nejlepsi\/wp-json\/wp\/v2\/posts\/2886","targetHints":{"allow":["GET"]}}],"collection":[{"href":"https:\/\/www.ramus.je\/nejlepsi\/wp-json\/wp\/v2\/posts"}],"about":[{"href":"https:\/\/www.ramus.je\/nejlepsi\/wp-json\/wp\/v2\/types\/post"}],"author":[{"embeddable":true,"href":"https:\/\/www.ramus.je\/nejlepsi\/wp-json\/wp\/v2\/users\/6"}],"replies":[{"embeddable":true,"href":"https:\/\/www.ramus.je\/nejlepsi\/wp-json\/wp\/v2\/comments?post=2886"}],"version-history":[{"count":0,"href":"https:\/\/www.ramus.je\/nejlepsi\/wp-json\/wp\/v2\/posts\/2886\/revisions"}],"wp:attachment":[{"href":"https:\/\/www.ramus.je\/nejlepsi\/wp-json\/wp\/v2\/media?parent=2886"}],"wp:term":[{"taxonomy":"category","embeddable":true,"href":"https:\/\/www.ramus.je\/nejlepsi\/wp-json\/wp\/v2\/categories?post=2886"},{"taxonomy":"post_tag","embeddable":true,"href":"https:\/\/www.ramus.je\/nejlepsi\/wp-json\/wp\/v2\/tags?post=2886"}],"curies":[{"name":"wp","href":"https:\/\/api.w.org\/{rel}","templated":true}]}}