{"id":2818,"date":"2016-03-22T20:46:39","date_gmt":"2016-03-22T19:46:39","guid":{"rendered":"https:\/\/www.ramus.je\/web\/verte-neverte\/"},"modified":"2016-03-22T20:46:39","modified_gmt":"2016-03-22T19:46:39","slug":"verte-neverte","status":"publish","type":"post","link":"https:\/\/www.ramus.je\/nejlepsi\/verte-neverte\/","title":{"rendered":"V\u011b\u0159te, nev\u011b\u0159te"},"content":{"rendered":"<p><a href=\"http:\/\/www.ramus.je\/nejlepsi\/index.php\/archiv\/galerie?view=album&#038;album=6264979655337278865&#038;page=1\"><img decoding=\"async\" class=\" size-full wp-image-2817\" src=\"https:\/\/www.ramus.je\/nejlepsi\/wp-content\/uploads\/2016\/03\/lidice_brezen16.jpg\" alt=\"alt\" width=\"300\" srcset=\"https:\/\/www.ramus.je\/nejlepsi\/wp-content\/uploads\/2016\/03\/lidice_brezen16.jpg 900w, https:\/\/www.ramus.je\/nejlepsi\/wp-content\/uploads\/2016\/03\/lidice_brezen16-300x200.jpg 300w, https:\/\/www.ramus.je\/nejlepsi\/wp-content\/uploads\/2016\/03\/lidice_brezen16-768x512.jpg 768w, https:\/\/www.ramus.je\/nejlepsi\/wp-content\/uploads\/2016\/03\/lidice_brezen16-720x480.jpg 720w, https:\/\/www.ramus.je\/nejlepsi\/wp-content\/uploads\/2016\/03\/lidice_brezen16-120x80.jpg 120w\" sizes=\"(min-width: 960px) 75vw, 100vw\" \/><\/a>Ani se tomu nechce v\u011b\u0159it, ale je to tak: drsn\u00e9 v\u00edkendovky se n\u00e1m prom\u011b\u0148uj\u00ed p\u0159ed o\u010dima.<\/p>\n<p>Z kdysiv\u00e1 v\u00fdrazn\u011b odpo\u010dinkov\u00fdch akc\u00ed se st\u00e1vaj\u00ed akce s kulturn\u011b pozn\u00e1vac\u00edm z\u00e1b\u011brem!<\/p>\n<p><a href=\"http:\/\/www.ramus.je\/nejlepsi\/index.php\/archiv\/galerie?view=album&#038;album=6264979655337278865&#038;page=1\">Kukn\u011bte, jak se te\u010f o v\u00edkendu m\u011bla parta v Lidic\u00edch.<\/a><\/p>\n","protected":false},"excerpt":{"rendered":"<p>Ani se tomu nechce v\u011b\u0159it, ale je to tak: drsn\u00e9 v\u00edkendovky se n\u00e1m prom\u011b\u0148uj\u00ed p\u0159ed o\u010dima. Z kdysiv\u00e1 v\u00fdrazn\u011b odpo\u010dinkov\u00fdch akc\u00ed se st\u00e1vaj\u00ed akce s kulturn\u011b pozn\u00e1vac\u00edm z\u00e1b\u011brem! Kukn\u011bte, jak se te\u010f o v\u00edkendu m\u011bla parta v Lidic\u00edch.<\/p>\n","protected":false},"author":6,"featured_media":2816,"comment_status":"open","ping_status":"open","sticky":false,"template":"","format":"standard","meta":{"ngg_post_thumbnail":0,"footnotes":""},"categories":[213],"tags":[],"class_list":["post-2818","post","type-post","status-publish","format-standard","has-post-thumbnail","hentry","category-novinky"],"_links":{"self":[{"href":"https:\/\/www.ramus.je\/nejlepsi\/wp-json\/wp\/v2\/posts\/2818","targetHints":{"allow":["GET"]}}],"collection":[{"href":"https:\/\/www.ramus.je\/nejlepsi\/wp-json\/wp\/v2\/posts"}],"about":[{"href":"https:\/\/www.ramus.je\/nejlepsi\/wp-json\/wp\/v2\/types\/post"}],"author":[{"embeddable":true,"href":"https:\/\/www.ramus.je\/nejlepsi\/wp-json\/wp\/v2\/users\/6"}],"replies":[{"embeddable":true,"href":"https:\/\/www.ramus.je\/nejlepsi\/wp-json\/wp\/v2\/comments?post=2818"}],"version-history":[{"count":0,"href":"https:\/\/www.ramus.je\/nejlepsi\/wp-json\/wp\/v2\/posts\/2818\/revisions"}],"wp:featuredmedia":[{"embeddable":true,"href":"https:\/\/www.ramus.je\/nejlepsi\/wp-json\/wp\/v2\/media\/2816"}],"wp:attachment":[{"href":"https:\/\/www.ramus.je\/nejlepsi\/wp-json\/wp\/v2\/media?parent=2818"}],"wp:term":[{"taxonomy":"category","embeddable":true,"href":"https:\/\/www.ramus.je\/nejlepsi\/wp-json\/wp\/v2\/categories?post=2818"},{"taxonomy":"post_tag","embeddable":true,"href":"https:\/\/www.ramus.je\/nejlepsi\/wp-json\/wp\/v2\/tags?post=2818"}],"curies":[{"name":"wp","href":"https:\/\/api.w.org\/{rel}","templated":true}]}}