{"id":2761,"date":"2015-12-22T00:00:00","date_gmt":"2015-12-21T23:00:00","guid":{"rendered":"https:\/\/www.ramus.je\/web\/polarni-vyprava\/"},"modified":"2015-12-22T00:00:00","modified_gmt":"2015-12-21T23:00:00","slug":"polarni-vyprava","status":"publish","type":"post","link":"https:\/\/www.ramus.je\/nejlepsi\/polarni-vyprava\/","title":{"rendered":"Pol\u00e1rn\u00ed v\u00fdprava"},"content":{"rendered":"<p><a href=\"index.php\/archiv\/galerie?view=album&#038;album=6233707461044955553&#038;page=1\"><img loading=\"lazy\" decoding=\"async\" class=\" alignright size-full wp-image-2760\" style=\"float: right;\" src=\"https:\/\/www.ramus.je\/nejlepsi\/wp-content\/uploads\/2015\/12\/polarni_vyprava.jpg\" alt=\"alt\" width=\"300\" height=\"225\" srcset=\"https:\/\/www.ramus.je\/nejlepsi\/wp-content\/uploads\/2015\/12\/polarni_vyprava.jpg 300w, https:\/\/www.ramus.je\/nejlepsi\/wp-content\/uploads\/2015\/12\/polarni_vyprava-160x120.jpg 160w\" sizes=\"auto, (min-width: 960px) 75vw, 100vw\" \/><\/a>V ned\u011bli jsme se vr\u00e1tili z pol\u00e1rn\u00ed v\u00fdpravy, neboli ze \u017d\u010f\u00e1ru nad S\u00e1zavou. Zaj\u00edm\u00e1 v\u00e1s, jak jsme zvl\u00e1dli n\u00e1ro\u010dn\u00e9 podm\u00ednky? <a href=\"index.php\/archiv\/galerie?view=album&#038;album=6233707461044955553&#038;page=1\">Koukn\u011bte na fotky!<\/a><\/p>\n<p>Prosincov\u00e1 pol\u00e1rn\u00ed v\u00edkendovka ve \u017d\u010f\u00e1\u0159e byla z\u00e1rove\u0148 posledn\u00ed akc\u00ed Ramusu v roce 2015, spole\u010dn\u011b se op\u011bt uvid\u00edme a\u017e v roce p\u0159\u00ed\u0161t\u00edm.\u00a0<\/p>\n<p>Nicm\u00e9n\u011b zde ve virtu\u00e1ln\u00edm prostoru se mo\u017en\u00e1 je\u0161t\u011b do\u010dk\u00e1te n\u011bjak\u00e9ho p\u0159ekvapen\u00ed, tak z\u016fsta\u0148te na p\u0159\u00edjmu. M\u011bjte se, zat\u00edm d\u00edky a \u010dau!<\/p>\n","protected":false},"excerpt":{"rendered":"<p>V ned\u011bli jsme se vr\u00e1tili z pol\u00e1rn\u00ed v\u00fdpravy, neboli ze \u017d\u010f\u00e1ru nad S\u00e1zavou. Zaj\u00edm\u00e1 v\u00e1s, jak jsme zvl\u00e1dli n\u00e1ro\u010dn\u00e9 podm\u00ednky? Koukn\u011bte na fotky! Prosincov\u00e1 pol\u00e1rn\u00ed v\u00edkendovka ve \u017d\u010f\u00e1\u0159e byla z\u00e1rove\u0148 posledn\u00ed akc\u00ed Ramusu v roce 2015, spole\u010dn\u011b se op\u011bt uvid\u00edme a\u017e v roce p\u0159\u00ed\u0161t\u00edm.\u00a0 Nicm\u00e9n\u011b zde ve virtu\u00e1ln\u00edm prostoru se mo\u017en\u00e1 je\u0161t\u011b do\u010dk\u00e1te n\u011bjak\u00e9ho p\u0159ekvapen\u00ed, &hellip; <a href=\"https:\/\/www.ramus.je\/nejlepsi\/polarni-vyprava\/\" class=\"more-link\">Continue reading<span class=\"screen-reader-text\"> &#8222;Pol\u00e1rn\u00ed v\u00fdprava&#8220;<\/span><\/a><\/p>\n","protected":false},"author":6,"featured_media":2759,"comment_status":"open","ping_status":"open","sticky":false,"template":"","format":"standard","meta":{"ngg_post_thumbnail":0,"footnotes":""},"categories":[213],"tags":[],"class_list":["post-2761","post","type-post","status-publish","format-standard","has-post-thumbnail","hentry","category-novinky"],"_links":{"self":[{"href":"https:\/\/www.ramus.je\/nejlepsi\/wp-json\/wp\/v2\/posts\/2761","targetHints":{"allow":["GET"]}}],"collection":[{"href":"https:\/\/www.ramus.je\/nejlepsi\/wp-json\/wp\/v2\/posts"}],"about":[{"href":"https:\/\/www.ramus.je\/nejlepsi\/wp-json\/wp\/v2\/types\/post"}],"author":[{"embeddable":true,"href":"https:\/\/www.ramus.je\/nejlepsi\/wp-json\/wp\/v2\/users\/6"}],"replies":[{"embeddable":true,"href":"https:\/\/www.ramus.je\/nejlepsi\/wp-json\/wp\/v2\/comments?post=2761"}],"version-history":[{"count":0,"href":"https:\/\/www.ramus.je\/nejlepsi\/wp-json\/wp\/v2\/posts\/2761\/revisions"}],"wp:featuredmedia":[{"embeddable":true,"href":"https:\/\/www.ramus.je\/nejlepsi\/wp-json\/wp\/v2\/media\/2759"}],"wp:attachment":[{"href":"https:\/\/www.ramus.je\/nejlepsi\/wp-json\/wp\/v2\/media?parent=2761"}],"wp:term":[{"taxonomy":"category","embeddable":true,"href":"https:\/\/www.ramus.je\/nejlepsi\/wp-json\/wp\/v2\/categories?post=2761"},{"taxonomy":"post_tag","embeddable":true,"href":"https:\/\/www.ramus.je\/nejlepsi\/wp-json\/wp\/v2\/tags?post=2761"}],"curies":[{"name":"wp","href":"https:\/\/api.w.org\/{rel}","templated":true}]}}