{"id":2755,"date":"2015-12-11T10:39:12","date_gmt":"2015-12-11T09:39:12","guid":{"rendered":"https:\/\/www.ramus.je\/web\/kniha-hranice-ramusu\/"},"modified":"2015-12-11T10:39:12","modified_gmt":"2015-12-11T09:39:12","slug":"kniha-hranice-ramusu","status":"publish","type":"post","link":"https:\/\/www.ramus.je\/nejlepsi\/kniha-hranice-ramusu\/","title":{"rendered":"Kniha &#8222;Hranice Ramusu&#8220; &#8211; z\u00edtra v Klubovn\u011b!"},"content":{"rendered":"<p><a href=\"https:\/\/www.ramus.je\/nejlepsi\/wp-content\/uploads\/2015\/12\/hraniceramusu3.jpg\"><img decoding=\"async\" class=\" alignright size-full wp-image-2754\" style=\"float: right;\" src=\"https:\/\/www.ramus.je\/nejlepsi\/wp-content\/uploads\/2015\/12\/hraniceramusu3.jpg\" alt=\"alt\" width=\"300\" srcset=\"https:\/\/www.ramus.je\/nejlepsi\/wp-content\/uploads\/2015\/12\/hraniceramusu3.jpg 800w, https:\/\/www.ramus.je\/nejlepsi\/wp-content\/uploads\/2015\/12\/hraniceramusu3-300x225.jpg 300w, https:\/\/www.ramus.je\/nejlepsi\/wp-content\/uploads\/2015\/12\/hraniceramusu3-768x576.jpg 768w, https:\/\/www.ramus.je\/nejlepsi\/wp-content\/uploads\/2015\/12\/hraniceramusu3-160x120.jpg 160w\" sizes=\"(min-width: 960px) 75vw, 100vw\" \/><\/a>U\u017e z\u00edtra v dejvick\u00e9 Klubovn\u011b v r\u00e1mci akce\u00a0<em>Voln\u00e1 z\u00e1bava<strong>\u00a0<\/strong><\/em>pok\u0159t\u00edme knihu\u00a0<strong>Hranice Ramusu<\/strong>.\u00a0<\/p>\n<p>T\u0159i autorsk\u00e9 den\u00edky z leto\u0161n\u00edch letn\u00edch akc\u00ed, n\u00e1dhern\u00e1 grafick\u00e1 \u00faprava, tisk na risografu, ru\u010dn\u00ed vazba. Tiskneme 200 kus\u016f, \u017e\u00e1dn\u00fd dotisky u\u017e nikdy nebudou. <\/p>\n<p>K tomu kapely Radost, Martin Chik, DJ Nahanb\u011b. Za\u010d\u00edn\u00e1me kolem p\u016fl sedm\u00e9, dora\u017ete!<\/p>\n<p><\/p>\n","protected":false},"excerpt":{"rendered":"<p>U\u017e z\u00edtra v dejvick\u00e9 Klubovn\u011b v r\u00e1mci akce\u00a0Voln\u00e1 z\u00e1bava\u00a0pok\u0159t\u00edme knihu\u00a0Hranice Ramusu.\u00a0 T\u0159i autorsk\u00e9 den\u00edky z leto\u0161n\u00edch letn\u00edch akc\u00ed, n\u00e1dhern\u00e1 grafick\u00e1 \u00faprava, tisk na risografu, ru\u010dn\u00ed vazba. Tiskneme 200 kus\u016f, \u017e\u00e1dn\u00fd dotisky u\u017e nikdy nebudou. K tomu kapely Radost, Martin Chik, DJ Nahanb\u011b. Za\u010d\u00edn\u00e1me kolem p\u016fl sedm\u00e9, dora\u017ete!<\/p>\n","protected":false},"author":6,"featured_media":2752,"comment_status":"open","ping_status":"open","sticky":false,"template":"","format":"standard","meta":{"ngg_post_thumbnail":0,"footnotes":""},"categories":[213],"tags":[],"class_list":["post-2755","post","type-post","status-publish","format-standard","has-post-thumbnail","hentry","category-novinky"],"_links":{"self":[{"href":"https:\/\/www.ramus.je\/nejlepsi\/wp-json\/wp\/v2\/posts\/2755","targetHints":{"allow":["GET"]}}],"collection":[{"href":"https:\/\/www.ramus.je\/nejlepsi\/wp-json\/wp\/v2\/posts"}],"about":[{"href":"https:\/\/www.ramus.je\/nejlepsi\/wp-json\/wp\/v2\/types\/post"}],"author":[{"embeddable":true,"href":"https:\/\/www.ramus.je\/nejlepsi\/wp-json\/wp\/v2\/users\/6"}],"replies":[{"embeddable":true,"href":"https:\/\/www.ramus.je\/nejlepsi\/wp-json\/wp\/v2\/comments?post=2755"}],"version-history":[{"count":0,"href":"https:\/\/www.ramus.je\/nejlepsi\/wp-json\/wp\/v2\/posts\/2755\/revisions"}],"wp:featuredmedia":[{"embeddable":true,"href":"https:\/\/www.ramus.je\/nejlepsi\/wp-json\/wp\/v2\/media\/2752"}],"wp:attachment":[{"href":"https:\/\/www.ramus.je\/nejlepsi\/wp-json\/wp\/v2\/media?parent=2755"}],"wp:term":[{"taxonomy":"category","embeddable":true,"href":"https:\/\/www.ramus.je\/nejlepsi\/wp-json\/wp\/v2\/categories?post=2755"},{"taxonomy":"post_tag","embeddable":true,"href":"https:\/\/www.ramus.je\/nejlepsi\/wp-json\/wp\/v2\/tags?post=2755"}],"curies":[{"name":"wp","href":"https:\/\/api.w.org\/{rel}","templated":true}]}}