{"id":2751,"date":"2015-11-03T00:00:00","date_gmt":"2015-11-02T23:00:00","guid":{"rendered":"https:\/\/www.ramus.je\/web\/2015-listopad-svanda-dudak\/"},"modified":"2015-11-03T00:00:00","modified_gmt":"2015-11-02T23:00:00","slug":"2015-listopad-svanda-dudak","status":"publish","type":"post","link":"https:\/\/www.ramus.je\/nejlepsi\/2015-listopad-svanda-dudak\/","title":{"rendered":"\/ 2015 \/ listopad \/ \u0160vanda Dud\u00e1k"},"content":{"rendered":"<p>Listopad 2015. <\/p>\n<p>Venku vl\u00e1dne pochmurn\u00e9 po\u010das\u00ed, ob\u010das d\u00e9\u0161\u0165, ob\u010das v\u00edtr, ale i tak se ve velk\u00e9m po\u010dtu\u00a0shled\u00e1v\u00e1me na Kn\u00ed\u017eec\u00ed. Je n\u00e1m v\u0161em trochu zima. Po\u0161lapujeme na m\u00edst\u011b. Nat\u011b\u0161en\u00ed, co se zase tento\u00a0v\u00edkend stane, koutkem oka pozorujeme ostatn\u00ed. Nat\u011b\u0161en\u00ed na to, a\u017e se sejdem a n\u011bjak\u00fd ten \u010das\u00a0pobudeme spolu, tro\u0161ku mimo od na\u0161ich denn\u00edch b\u011b\u017en\u00fdch \u017eivot\u016f\u2026 A t\u00edm m\u00e1m na mysli to, kdy je n\u00e1m\u00a0dob\u0159e. <\/p>\n<p>Ani nev\u00edme pro\u010d, ale prost\u011b ta chvilka spokojenosti se tam v\u017edycky najde, i kdy\u017e n\u00e1s bol\u00ed z\u00e1da,\u00a0\u0161kr\u00e1be v\u00a0krku nebo se zrovna zab\u00fdv\u00e1me smyslem sv\u011bta a na\u0161\u00ed buducnost\u00ed.<\/p>\n<p>V\u00a0o\u010dek\u00e1v\u00e1n\u00ed tedy vyr\u00e1\u017e\u00edme sm\u011br Strakonice. V\u00edkend m\u00e1m v\u00a0re\u017eii j\u00e1 (B\u00e1ra), Olga a Dominik. P\u0159ed\u00a0v\u00edkendem jsme u\u010dinili 3 plodn\u00e1 sek\u00e1n\u00ed, kter\u00fdch si velmi v\u00e1\u017e\u00edm. Dud\u00e1k \u0160vanda, nezi\u0161tn\u00e1 l\u00e1ska Dorotky a\u00a0tak trochu v\u00fdznam \u0161t\u011bst\u00ed, byli prodrb\u00e1ni ze t\u0159\u00ed r\u016fzn\u00fdch \u00fahl\u016f pohledu. L\u00e1ska, spole\u010denstv\u00ed, z\u00e1bava a\u00a0v\u00edra. V\u00a0n\u00e1vaznosti na tato t\u00e9mata jsme se rozhodli, \u017ee nemus\u00edme p\u0159eci ka\u017ed\u00fd v\u00edkend proti n\u011b\u010demu\u00a0bojovat, p\u0159ekon\u00e1vat nebezpe\u010d\u00ed nebo potk\u00e1vat n\u011bjak\u00e9 z\u00e1por\u00e1ky.<\/p>\n<p>\u00dast\u0159edn\u00ed t\u00e9ma v\u00edkendu byly tedy \u0161l\u00e1poty \u0160vandy Dud\u00e1ka. Po p\u0159\u00edjezdu jsme si ve v\u00edru tance a polky\u00a0trochu p\u0159ipomn\u011bli jeho \u017eivot. Pot\u00e9 ka\u017ed\u00fd s\u00e1m za sebe \u0159ekl, pro\u010d ho bav\u00ed \u017e\u00edt te\u010f a pro\u010d by ho bavilo (nebo nebavilo) \u017e\u00edt\u00a0v\u00a0dob\u011b \u0160vandy (neboli na\u0161ich praprarodi\u010d\u016f), ale teda, ne \u017ee by te\u010f nebyla taky \u0161vanda&#8230; A \u017ee bylo\u00a0t\u0159eba \u0159e\u010deno i to, \u017ee \u017eivot je nejlep\u0161\u00ed te\u010f, proto\u017ee je Ramus, sem zm\u00ednit mus\u00edm \ud83d\ude42<\/p>\n<p>Druh\u00fd den jsme dopoledne sehr\u00e1li 4 sc\u00e9nky, kter\u00e9 byly p\u0159\u00edmo inspirovan\u00e9 d\u00edlem J. K. Tyla. Tak tro\u0161ku\u00a0dada styl, jak n\u011bkdo zm\u00ednil. Ka\u017ed\u00e1 skupinka dostala 4 nahodil\u00e9 str\u00e1nky sc\u00e9n\u00e1\u0159e. N\u011bkdo to pojal\u00a0hudebn\u011b, n\u011bkdo pantomimou a n\u011bkdo volil \u2013 dalo by se v\u00a0na\u0161em pod\u00e1n\u00ed \u0159ici, p\u0159\u00edmo autentick\u00fd styl.<\/p>\n<p>No, \u0161vanda to byla.<\/p>\n<p>Po ob\u011bd\u011b jsme neleno\u0161ili, jak b\u00fdv\u00e1 na\u0161\u00edm zvykem, ale vydali se nezn\u00e1mo kam. Teda tak trochu zn\u00e1mo &#8211;\u00a0po stop\u00e1ch \u0160vandy Dud\u00e1ka, nau\u010dnou stezkou. Ale to by nebyl Ramus, aby se ze \u017elut\u00e9 zna\u010dky hnedka\u00a0na prvn\u00edm kilometru neztratil a ne\u0161el si svou cestou. C\u00edl byl \u0160ibeni\u010dn\u00ed vrch. <\/p>\n<p>Stezka, kde na voz\u00edk bylo\u00a0pot\u0159eba i 4 statn\u00e9 sil\u00e1ky, dlouh\u00e9 kalhoty na p\u0159\u00edpadn\u00e9 trny a bystr\u00e9 o\u010di na vysok\u00e9 ko\u0159eny, byla\u00a0za sedaj\u00edc\u00edho podzimn\u00edho temn\u00e9ho st\u00ednu\u00a0\u00fasp\u011b\u0161n\u011b poko\u0159ena. \u00a0<\/p>\n<p>Pod n\u00e1mi se postupn\u011b za\u010daly\u00a0rozsv\u011bcet sv\u011bt\u00fdlka samotn\u00fdch Strakonic. Kopec zahalen\u00fd \u0161erem, pod n\u00e1mi osv\u011btlen\u00e9 m\u011bsto a my na\u00a0vrchu kou\u0161eme zmrzlou sva\u010dinu. Tma je \u010d\u00edm d\u00e1l t\u00edm tmav\u0161\u00ed a my se vyd\u00e1me (u\u017e po \u017elut\u00e9) sm\u011brem\u00a0dol\u016f. <\/p>\n<p>Po cest\u011b v\u0161ak zaslechneme ciz\u00ed hlas volaj\u00edc\u00edho na \u0160vandu. Hlas pov\u00eddal n\u011bco o bohatstv\u00ed, l\u00e1sce,\u00a0\u010dertech a o\u010darovan\u00fdch dudech. Trochu jsme se lekli, ale na\u0161t\u011bst\u00ed n\u00e1s bylo hodn\u011b a tak jsme si v\u00a0\u010das\u00a0stihli v\u0161imnout mal\u00e9ho kuf\u0159\u00edku opod\u00e1l. V\u00a0n\u011bm nal\u00e9z\u00e1me spoustu lampionu. Takov\u00fdch t\u011bch barevn\u00fdch,\u00a0p\u011bkn\u00fdch\u2026 a dokonce i se sv\u00ed\u010dkama. Najdeme tedy v lese klac\u00edky a s\u00a0vidinou tepl\u00e9ho domova, kde na\u00a0n\u00e1s \u010dekal Radek s\u00a0nejv\u00edc dobrou sv\u00ed\u010dkovou, se spokojen\u011b vyd\u00e1v\u00e1me z\u00a0kopce dolu a p\u0159es m\u011bsto zp\u011bt do\u00a0klubovny. V\u0161e ji\u017e ve tm\u011b za svitu lampionk\u016f. P\u011bkn\u00e9. <\/p>\n<p>P\u0159ed ve\u010de\u0159\u00ed si je\u0161t\u011b pov\u00edme, jak to tedy cel\u00e9\u00a0bylo\u2026 nebo to byla jen poh\u00e1dka?<\/p>\n<p>V\u00a0ned\u011bli se vyd\u00e1me do Strakonic, p\u0159esv\u011bd\u010dit se, jestli ten \u0160vanda na n\u00e1m\u011bst\u00ed opravdu stoj\u00ed.\u00a0Okoukneme i hrad. V\u0161echno tam je. I p\u0159esto, \u017ee se kolikr\u00e1t z\u00a0\u0159ad asistent\u016f ozvalo: \u201eA vo co tady\u00a0vlastn\u011b de?\u201c nebo \u201e\u0160\u00e9fuje n\u011bkdo tenhle v\u00fdlet?\u201c, je v\u00edkend \u00fasp\u011b\u0161n\u011b za n\u00e1mi.<\/p>\n<p>No, poka\u017ed\u00e9 je to trochu jin\u00e9. A mysl\u00edm, \u017ee n\u00e1pln\u00ed listopadov\u00e9ho sychrav\u00e9ho v\u00edkendu bylo p\u0159edev\u0161\u00edm\u00a0to, \u017ee jsme tam prost\u011b v\u0161ichni tak trochu byli, takov\u00ed jac\u00ed jsme, bez velk\u00fdch p\u0159em\u00fd\u0161len\u00edch co bude a\u00a0bylo, nebo co mus\u00edme je\u0161t\u011b dok\u00e1zat. <\/p>\n<p>Tak\u017ee d\u00edky. P\u0159\u00ed\u0161t\u011b zas.<\/p>\n<p><strong>fotky \/\u00a0<a href=\"http:\/\/www.ramus.je\/nejlepsi\/index.php\/archiv\/galerie?view=album&#038;album=6224101355229767729&#038;page=1\">tady<\/a><\/strong><\/p>\n","protected":false},"excerpt":{"rendered":"<p>Listopad 2015. Venku vl\u00e1dne pochmurn\u00e9 po\u010das\u00ed, ob\u010das d\u00e9\u0161\u0165, ob\u010das v\u00edtr, ale i tak se ve velk\u00e9m po\u010dtu\u00a0shled\u00e1v\u00e1me na Kn\u00ed\u017eec\u00ed. Je n\u00e1m v\u0161em trochu zima. Po\u0161lapujeme na m\u00edst\u011b. Nat\u011b\u0161en\u00ed, co se zase tento\u00a0v\u00edkend stane, koutkem oka pozorujeme ostatn\u00ed. Nat\u011b\u0161en\u00ed na to, a\u017e se sejdem a n\u011bjak\u00fd ten \u010das\u00a0pobudeme spolu, tro\u0161ku mimo od na\u0161ich denn\u00edch b\u011b\u017en\u00fdch \u017eivot\u016f\u2026 &hellip; <a href=\"https:\/\/www.ramus.je\/nejlepsi\/2015-listopad-svanda-dudak\/\" class=\"more-link\">Continue reading<span class=\"screen-reader-text\"> &#8222;\/ 2015 \/ listopad \/ \u0160vanda Dud\u00e1k&#8220;<\/span><\/a><\/p>\n","protected":false},"author":6,"featured_media":0,"comment_status":"open","ping_status":"open","sticky":false,"template":"","format":"standard","meta":{"ngg_post_thumbnail":0,"footnotes":""},"categories":[222],"tags":[],"class_list":["post-2751","post","type-post","status-publish","format-standard","hentry","category-zapisnik"],"_links":{"self":[{"href":"https:\/\/www.ramus.je\/nejlepsi\/wp-json\/wp\/v2\/posts\/2751","targetHints":{"allow":["GET"]}}],"collection":[{"href":"https:\/\/www.ramus.je\/nejlepsi\/wp-json\/wp\/v2\/posts"}],"about":[{"href":"https:\/\/www.ramus.je\/nejlepsi\/wp-json\/wp\/v2\/types\/post"}],"author":[{"embeddable":true,"href":"https:\/\/www.ramus.je\/nejlepsi\/wp-json\/wp\/v2\/users\/6"}],"replies":[{"embeddable":true,"href":"https:\/\/www.ramus.je\/nejlepsi\/wp-json\/wp\/v2\/comments?post=2751"}],"version-history":[{"count":0,"href":"https:\/\/www.ramus.je\/nejlepsi\/wp-json\/wp\/v2\/posts\/2751\/revisions"}],"wp:attachment":[{"href":"https:\/\/www.ramus.je\/nejlepsi\/wp-json\/wp\/v2\/media?parent=2751"}],"wp:term":[{"taxonomy":"category","embeddable":true,"href":"https:\/\/www.ramus.je\/nejlepsi\/wp-json\/wp\/v2\/categories?post=2751"},{"taxonomy":"post_tag","embeddable":true,"href":"https:\/\/www.ramus.je\/nejlepsi\/wp-json\/wp\/v2\/tags?post=2751"}],"curies":[{"name":"wp","href":"https:\/\/api.w.org\/{rel}","templated":true}]}}