{"id":2750,"date":"2015-12-03T16:58:59","date_gmt":"2015-12-03T15:58:59","guid":{"rendered":"https:\/\/www.ramus.je\/web\/ve-strakonicich-byla-svanda\/"},"modified":"2022-05-16T11:18:44","modified_gmt":"2022-05-16T10:18:44","slug":"ve-strakonicich-byla-svanda","status":"publish","type":"post","link":"https:\/\/www.ramus.je\/nejlepsi\/ve-strakonicich-byla-svanda\/","title":{"rendered":"Ve Strakonic\u00edch byl(a) \u0160vanda"},"content":{"rendered":"<p><a href=\"index.php\/archiv\/galerie?view=album&#038;album=6224101355229767729&#038;page=1\"><img loading=\"lazy\" decoding=\"async\" class=\" size-full wp-image-2749\" src=\"https:\/\/www.ramus.je\/nejlepsi\/wp-content\/uploads\/2015\/12\/svanda_listopad15.jpg\" alt=\"alt\" width=\"300\" height=\"225\" srcset=\"https:\/\/www.ramus.je\/nejlepsi\/wp-content\/uploads\/2015\/12\/svanda_listopad15.jpg 300w, https:\/\/www.ramus.je\/nejlepsi\/wp-content\/uploads\/2015\/12\/svanda_listopad15-160x120.jpg 160w\" sizes=\"auto, (min-width: 960px) 75vw, 100vw\" \/><\/a>Kopec \u0160vandy jsme si u\u017eili te\u010f o v\u00edkendu ve Strakonic\u00edch, <a href=\"index.php\/archiv\/galerie?view=album&#038;album=6224101355229767729&#038;page=1\">koukejte na fotky<\/a>! D\u011bkujeme v\u0161em za \u00fa\u010dast a strakonick\u00fdm skaut\u016fm za poskytnut\u00ed prostor, bylo tam kr\u00e1sn\u011b. P\u0159e\u010d\u00edst si o tom m\u016f\u017eete v z\u00e1pisn\u00edku <a href=\"https:\/\/www.ramus.je\/nejlepsi\/2015-listopad-svanda-dudak\/\">tady<\/a>.\u00a0<\/p>\n<p>A zd\u00e1 se to k neuv\u011b\u0159en\u00ed, ale p\u0159ihla\u0161ov\u00e1n\u00ed na dal\u0161\u00ed v\u00edkendovku (18.-20. prosince) zapo\u010dne ji\u017e z\u00edtra, tak bu\u010fte ve st\u0159ehu. \u00a0<\/p>\n","protected":false},"excerpt":{"rendered":"<p>Kopec \u0160vandy jsme si u\u017eili te\u010f o v\u00edkendu ve Strakonic\u00edch, koukejte na fotky! D\u011bkujeme v\u0161em za \u00fa\u010dast a strakonick\u00fdm skaut\u016fm za poskytnut\u00ed prostor, bylo tam kr\u00e1sn\u011b. P\u0159e\u010d\u00edst si o tom m\u016f\u017eete v z\u00e1pisn\u00edku tady.\u00a0 A zd\u00e1 se to k neuv\u011b\u0159en\u00ed, ale p\u0159ihla\u0161ov\u00e1n\u00ed na dal\u0161\u00ed v\u00edkendovku (18.-20. prosince) zapo\u010dne ji\u017e z\u00edtra, tak bu\u010fte ve st\u0159ehu. \u00a0<\/p>\n","protected":false},"author":6,"featured_media":2748,"comment_status":"open","ping_status":"open","sticky":false,"template":"","format":"standard","meta":{"ngg_post_thumbnail":0,"footnotes":""},"categories":[213],"tags":[],"class_list":["post-2750","post","type-post","status-publish","format-standard","has-post-thumbnail","hentry","category-novinky"],"_links":{"self":[{"href":"https:\/\/www.ramus.je\/nejlepsi\/wp-json\/wp\/v2\/posts\/2750","targetHints":{"allow":["GET"]}}],"collection":[{"href":"https:\/\/www.ramus.je\/nejlepsi\/wp-json\/wp\/v2\/posts"}],"about":[{"href":"https:\/\/www.ramus.je\/nejlepsi\/wp-json\/wp\/v2\/types\/post"}],"author":[{"embeddable":true,"href":"https:\/\/www.ramus.je\/nejlepsi\/wp-json\/wp\/v2\/users\/6"}],"replies":[{"embeddable":true,"href":"https:\/\/www.ramus.je\/nejlepsi\/wp-json\/wp\/v2\/comments?post=2750"}],"version-history":[{"count":1,"href":"https:\/\/www.ramus.je\/nejlepsi\/wp-json\/wp\/v2\/posts\/2750\/revisions"}],"predecessor-version":[{"id":3193,"href":"https:\/\/www.ramus.je\/nejlepsi\/wp-json\/wp\/v2\/posts\/2750\/revisions\/3193"}],"wp:featuredmedia":[{"embeddable":true,"href":"https:\/\/www.ramus.je\/nejlepsi\/wp-json\/wp\/v2\/media\/2748"}],"wp:attachment":[{"href":"https:\/\/www.ramus.je\/nejlepsi\/wp-json\/wp\/v2\/media?parent=2750"}],"wp:term":[{"taxonomy":"category","embeddable":true,"href":"https:\/\/www.ramus.je\/nejlepsi\/wp-json\/wp\/v2\/categories?post=2750"},{"taxonomy":"post_tag","embeddable":true,"href":"https:\/\/www.ramus.je\/nejlepsi\/wp-json\/wp\/v2\/tags?post=2750"}],"curies":[{"name":"wp","href":"https:\/\/api.w.org\/{rel}","templated":true}]}}