{"id":2746,"date":"2015-11-26T13:40:16","date_gmt":"2015-11-26T12:40:16","guid":{"rendered":"https:\/\/www.ramus.je\/web\/volna-zabava\/"},"modified":"2015-11-26T13:40:16","modified_gmt":"2015-11-26T12:40:16","slug":"volna-zabava","status":"publish","type":"post","link":"https:\/\/www.ramus.je\/nejlepsi\/volna-zabava\/","title":{"rendered":"Voln\u00e1 z\u00e1bava: pok\u0159t\u00edme knihu!"},"content":{"rendered":"<p><a href=\"https:\/\/www.ramus.je\/nejlepsi\/wp-content\/uploads\/2015\/11\/volna_zabava_121215.jpg\"><img loading=\"lazy\" decoding=\"async\" class=\" alignright size-full wp-image-2745\" style=\"float: right;\" src=\"https:\/\/www.ramus.je\/nejlepsi\/wp-content\/uploads\/2015\/11\/volna_zabava_121215.jpg\" alt=\"alt\" width=\"305\" height=\"431\" srcset=\"https:\/\/www.ramus.je\/nejlepsi\/wp-content\/uploads\/2015\/11\/volna_zabava_121215.jpg 600w, https:\/\/www.ramus.je\/nejlepsi\/wp-content\/uploads\/2015\/11\/volna_zabava_121215-212x300.jpg 212w\" sizes=\"auto, (min-width: 960px) 75vw, 100vw\" \/><\/a>Ani v roce 2015 Ramus nezah\u00e1lel: mezi kl\u00ed\u010dov\u00e9 akce pat\u0159ily letos op\u011bt dva letn\u00ed t\u00e1bory, vyrazili jsme ale tak\u00e9 na balk\u00e1nsk\u00fd roadtrip. Pr\u00e1v\u011b den\u00edky z t\u011bchto t\u0159\u00ed akc\u00ed tvo\u0159\u00ed knihu<strong> L\u00e9to s Ramusem<\/strong>, kterou slavnostn\u011b pok\u0159t\u00edme 12. prosince v dejvick\u00e9<a href=\"http:\/\/www.klubovna.povalec.cz\/\"> Klubovn\u011b<\/a>.<\/p>\n<p>K\u0159est knihy bude ale jen \u010d\u00e1st\u00ed bohat\u00e9ho ve\u010dera: \u010dek\u00e1 v\u00e1s \u017eiveln\u00e1 kapela <strong>(R)ADOST<\/strong> ze Z\u0160S Rooseveltova, neohro\u017een\u00fd bluesman <strong>MARTIN CHIK<\/strong> a jeho band, a kdy\u017e u\u017e si budete myslet, \u017ee v\u00e1s nic nep\u0159ekvap\u00ed, vyno\u0159\u00ed se z kouta <strong>DJ NAHANB\u011a<\/strong>.<\/p>\n<p>Vstup je dobrovoln\u00fd, krom knihy budou k m\u00e1n\u00ed ramus\u00ed tri\u010dka a ta\u0161ky.<\/p>\n","protected":false},"excerpt":{"rendered":"<p>Ani v roce 2015 Ramus nezah\u00e1lel: mezi kl\u00ed\u010dov\u00e9 akce pat\u0159ily letos op\u011bt dva letn\u00ed t\u00e1bory, vyrazili jsme ale tak\u00e9 na balk\u00e1nsk\u00fd roadtrip. Pr\u00e1v\u011b den\u00edky z t\u011bchto t\u0159\u00ed akc\u00ed tvo\u0159\u00ed knihu L\u00e9to s Ramusem, kterou slavnostn\u011b pok\u0159t\u00edme 12. prosince v dejvick\u00e9 Klubovn\u011b. K\u0159est knihy bude ale jen \u010d\u00e1st\u00ed bohat\u00e9ho ve\u010dera: \u010dek\u00e1 v\u00e1s \u017eiveln\u00e1 kapela (R)ADOST ze &hellip; <a href=\"https:\/\/www.ramus.je\/nejlepsi\/volna-zabava\/\" class=\"more-link\">Continue reading<span class=\"screen-reader-text\"> &#8222;Voln\u00e1 z\u00e1bava: pok\u0159t\u00edme knihu!&#8220;<\/span><\/a><\/p>\n","protected":false},"author":6,"featured_media":2743,"comment_status":"open","ping_status":"open","sticky":false,"template":"","format":"standard","meta":{"ngg_post_thumbnail":0,"footnotes":""},"categories":[213],"tags":[],"class_list":["post-2746","post","type-post","status-publish","format-standard","has-post-thumbnail","hentry","category-novinky"],"_links":{"self":[{"href":"https:\/\/www.ramus.je\/nejlepsi\/wp-json\/wp\/v2\/posts\/2746","targetHints":{"allow":["GET"]}}],"collection":[{"href":"https:\/\/www.ramus.je\/nejlepsi\/wp-json\/wp\/v2\/posts"}],"about":[{"href":"https:\/\/www.ramus.je\/nejlepsi\/wp-json\/wp\/v2\/types\/post"}],"author":[{"embeddable":true,"href":"https:\/\/www.ramus.je\/nejlepsi\/wp-json\/wp\/v2\/users\/6"}],"replies":[{"embeddable":true,"href":"https:\/\/www.ramus.je\/nejlepsi\/wp-json\/wp\/v2\/comments?post=2746"}],"version-history":[{"count":0,"href":"https:\/\/www.ramus.je\/nejlepsi\/wp-json\/wp\/v2\/posts\/2746\/revisions"}],"wp:featuredmedia":[{"embeddable":true,"href":"https:\/\/www.ramus.je\/nejlepsi\/wp-json\/wp\/v2\/media\/2743"}],"wp:attachment":[{"href":"https:\/\/www.ramus.je\/nejlepsi\/wp-json\/wp\/v2\/media?parent=2746"}],"wp:term":[{"taxonomy":"category","embeddable":true,"href":"https:\/\/www.ramus.je\/nejlepsi\/wp-json\/wp\/v2\/categories?post=2746"},{"taxonomy":"post_tag","embeddable":true,"href":"https:\/\/www.ramus.je\/nejlepsi\/wp-json\/wp\/v2\/tags?post=2746"}],"curies":[{"name":"wp","href":"https:\/\/api.w.org\/{rel}","templated":true}]}}