{"id":2733,"date":"2015-11-01T20:20:09","date_gmt":"2015-11-01T19:20:09","guid":{"rendered":"https:\/\/www.ramus.je\/web\/ramus-je-pripad-pro-socialku\/"},"modified":"2015-11-01T20:20:09","modified_gmt":"2015-11-01T19:20:09","slug":"ramus-je-pripad-pro-socialku","status":"publish","type":"post","link":"https:\/\/www.ramus.je\/nejlepsi\/ramus-je-pripad-pro-socialku\/","title":{"rendered":"Ramus je p\u0159\u00edpad pro soci\u00e1lku"},"content":{"rendered":"<p><a href=\"https:\/\/www.ramus.je\/nejlepsi\/wp-content\/uploads\/2015\/11\/pripad_pro_socialku.png\"><img loading=\"lazy\" decoding=\"async\" class=\" alignright size-full wp-image-2732\" style=\"float: right;\" src=\"https:\/\/www.ramus.je\/nejlepsi\/wp-content\/uploads\/2015\/11\/pripad_pro_socialku.png\" alt=\"alt\" width=\"263\" height=\"371\" srcset=\"https:\/\/www.ramus.je\/nejlepsi\/wp-content\/uploads\/2015\/11\/pripad_pro_socialku.png 900w, https:\/\/www.ramus.je\/nejlepsi\/wp-content\/uploads\/2015\/11\/pripad_pro_socialku-212x300.png 212w, https:\/\/www.ramus.je\/nejlepsi\/wp-content\/uploads\/2015\/11\/pripad_pro_socialku-724x1024.png 724w, https:\/\/www.ramus.je\/nejlepsi\/wp-content\/uploads\/2015\/11\/pripad_pro_socialku-768x1086.png 768w\" sizes=\"auto, (min-width: 960px) 75vw, 100vw\" \/><\/a>M\u00e1me radost, \u017ee se m\u016f\u017eeme z\u00fa\u010dastnit <strong>P\u0159\u00edpadu pro soci\u00e1lku\u00a0<\/strong>&#8211; mikrofestu soci\u00e1ln\u00edho um\u011bn\u00ed, kter\u00fd po\u0159\u00e1d\u00e1 kolektiv vinohradsk\u00e9ho divadla <a href=\"http:\/\/www.venuse-ve-svehlovce.cz\/\">Venu\u0161e ve \u0160vehlovce<\/a>. <\/p>\n<p>Na\u0161e z v\u011bt\u0161\u00ed \u010d\u00e1sti improvizovan\u00e1 show se uskute\u010dn\u00ed ve\u010der v sobotu 7. listopadu v r\u00e1mci Asoci\u00e1ln\u00edho d\u00fdch\u00e1nku. Stavte se!<\/p>\n","protected":false},"excerpt":{"rendered":"<p>M\u00e1me radost, \u017ee se m\u016f\u017eeme z\u00fa\u010dastnit P\u0159\u00edpadu pro soci\u00e1lku\u00a0&#8211; mikrofestu soci\u00e1ln\u00edho um\u011bn\u00ed, kter\u00fd po\u0159\u00e1d\u00e1 kolektiv vinohradsk\u00e9ho divadla Venu\u0161e ve \u0160vehlovce. Na\u0161e z v\u011bt\u0161\u00ed \u010d\u00e1sti improvizovan\u00e1 show se uskute\u010dn\u00ed ve\u010der v sobotu 7. listopadu v r\u00e1mci Asoci\u00e1ln\u00edho d\u00fdch\u00e1nku. Stavte se!<\/p>\n","protected":false},"author":6,"featured_media":2730,"comment_status":"open","ping_status":"open","sticky":false,"template":"","format":"standard","meta":{"ngg_post_thumbnail":0,"footnotes":""},"categories":[213],"tags":[],"class_list":["post-2733","post","type-post","status-publish","format-standard","has-post-thumbnail","hentry","category-novinky"],"_links":{"self":[{"href":"https:\/\/www.ramus.je\/nejlepsi\/wp-json\/wp\/v2\/posts\/2733","targetHints":{"allow":["GET"]}}],"collection":[{"href":"https:\/\/www.ramus.je\/nejlepsi\/wp-json\/wp\/v2\/posts"}],"about":[{"href":"https:\/\/www.ramus.je\/nejlepsi\/wp-json\/wp\/v2\/types\/post"}],"author":[{"embeddable":true,"href":"https:\/\/www.ramus.je\/nejlepsi\/wp-json\/wp\/v2\/users\/6"}],"replies":[{"embeddable":true,"href":"https:\/\/www.ramus.je\/nejlepsi\/wp-json\/wp\/v2\/comments?post=2733"}],"version-history":[{"count":0,"href":"https:\/\/www.ramus.je\/nejlepsi\/wp-json\/wp\/v2\/posts\/2733\/revisions"}],"wp:featuredmedia":[{"embeddable":true,"href":"https:\/\/www.ramus.je\/nejlepsi\/wp-json\/wp\/v2\/media\/2730"}],"wp:attachment":[{"href":"https:\/\/www.ramus.je\/nejlepsi\/wp-json\/wp\/v2\/media?parent=2733"}],"wp:term":[{"taxonomy":"category","embeddable":true,"href":"https:\/\/www.ramus.je\/nejlepsi\/wp-json\/wp\/v2\/categories?post=2733"},{"taxonomy":"post_tag","embeddable":true,"href":"https:\/\/www.ramus.je\/nejlepsi\/wp-json\/wp\/v2\/tags?post=2733"}],"curies":[{"name":"wp","href":"https:\/\/api.w.org\/{rel}","templated":true}]}}