{"id":2716,"date":"2015-09-23T13:20:34","date_gmt":"2015-09-23T12:20:34","guid":{"rendered":"https:\/\/www.ramus.je\/web\/drsno-vedro-tabor\/"},"modified":"2015-09-23T13:20:34","modified_gmt":"2015-09-23T12:20:34","slug":"drsno-vedro-tabor","status":"publish","type":"post","link":"https:\/\/www.ramus.je\/nejlepsi\/drsno-vedro-tabor\/","title":{"rendered":"Fotky z leto\u0161n\u00edho drsno-vedro-t\u00e1bora"},"content":{"rendered":"<p><img loading=\"lazy\" decoding=\"async\" class=\" alignright size-full wp-image-2715\" style=\"float: right;\" src=\"https:\/\/www.ramus.je\/nejlepsi\/wp-content\/uploads\/2015\/09\/drsnotabor2015.jpg\" alt=\"alt\" width=\"300\" height=\"225\" srcset=\"https:\/\/www.ramus.je\/nejlepsi\/wp-content\/uploads\/2015\/09\/drsnotabor2015.jpg 300w, https:\/\/www.ramus.je\/nejlepsi\/wp-content\/uploads\/2015\/09\/drsnotabor2015-160x120.jpg 160w\" sizes=\"auto, (min-width: 960px) 75vw, 100vw\" \/><br \/>Fotky z na\u0161ich srpnov\u00fdch t\u00e1bor\u016f jsou tu. Za\u010dneme t\u011bma z drsn\u00e9ho t\u00e1bora, kter\u00fd byl ve znamen\u00ed vedra, vedra a&#8230; vedra.<\/p>\n<p><a href=\"http:\/\/www.ramus.je\/nejlepsi\/index.php\/archiv\/galerie?view=album&#038;album=6197693425272016321&#038;page=1\">Koukejte tady!<\/a><\/p>\n","protected":false},"excerpt":{"rendered":"<p>Fotky z na\u0161ich srpnov\u00fdch t\u00e1bor\u016f jsou tu. Za\u010dneme t\u011bma z drsn\u00e9ho t\u00e1bora, kter\u00fd byl ve znamen\u00ed vedra, vedra a&#8230; vedra. Koukejte tady!<\/p>\n","protected":false},"author":6,"featured_media":2714,"comment_status":"open","ping_status":"open","sticky":false,"template":"","format":"standard","meta":{"ngg_post_thumbnail":0,"footnotes":""},"categories":[213],"tags":[],"class_list":["post-2716","post","type-post","status-publish","format-standard","has-post-thumbnail","hentry","category-novinky"],"_links":{"self":[{"href":"https:\/\/www.ramus.je\/nejlepsi\/wp-json\/wp\/v2\/posts\/2716","targetHints":{"allow":["GET"]}}],"collection":[{"href":"https:\/\/www.ramus.je\/nejlepsi\/wp-json\/wp\/v2\/posts"}],"about":[{"href":"https:\/\/www.ramus.je\/nejlepsi\/wp-json\/wp\/v2\/types\/post"}],"author":[{"embeddable":true,"href":"https:\/\/www.ramus.je\/nejlepsi\/wp-json\/wp\/v2\/users\/6"}],"replies":[{"embeddable":true,"href":"https:\/\/www.ramus.je\/nejlepsi\/wp-json\/wp\/v2\/comments?post=2716"}],"version-history":[{"count":0,"href":"https:\/\/www.ramus.je\/nejlepsi\/wp-json\/wp\/v2\/posts\/2716\/revisions"}],"wp:featuredmedia":[{"embeddable":true,"href":"https:\/\/www.ramus.je\/nejlepsi\/wp-json\/wp\/v2\/media\/2714"}],"wp:attachment":[{"href":"https:\/\/www.ramus.je\/nejlepsi\/wp-json\/wp\/v2\/media?parent=2716"}],"wp:term":[{"taxonomy":"category","embeddable":true,"href":"https:\/\/www.ramus.je\/nejlepsi\/wp-json\/wp\/v2\/categories?post=2716"},{"taxonomy":"post_tag","embeddable":true,"href":"https:\/\/www.ramus.je\/nejlepsi\/wp-json\/wp\/v2\/tags?post=2716"}],"curies":[{"name":"wp","href":"https:\/\/api.w.org\/{rel}","templated":true}]}}